{"id":939,"date":"2022-03-18T16:39:39","date_gmt":"2022-03-18T16:39:39","guid":{"rendered":"https:\/\/greenlatinos.swooncreative.ca\/greenlatinos-co-state-director-elected-co-chair-of-the-colorado-environmental-justice-action-taskforce\/"},"modified":"2024-12-18T22:03:46","modified_gmt":"2024-12-18T22:03:46","slug":"greenlatinos-co-state-director-elected-co-chair-of-the-colorado-environmental-justice-action-taskforce","status":"publish","type":"post","link":"https:\/\/www.greenlatinos.org\/es\/greenlatinos-co-state-director-elected-co-chair-of-the-colorado-environmental-justice-action-taskforce\/","title":{"rendered":"El director estatal de GreenLatinos CO es elegido copresidente del Grupo de Trabajo de Acci\u00f3n por la Justicia Ambiental de Colorado"},"content":{"rendered":"<p class=\"font_8\"><strong>colorado- &nbsp;<\/strong>GreenLatinos se enorgullece de anunciar que nuestro Director del Estado de Colorado, Ean Thomas Tafoya, ha sido elegido Copresidente del Grupo de Trabajo de Justicia Ambiental del estado. Asegurar este importante puesto de servicio p\u00fablico a nivel estatal es una gran victoria para la defensa ambiental de Colorado y las muchas comunidades latinas, ind\u00edgenas y p\u00fablicas en general que se unen a \u00e9l en su gesti\u00f3n clim\u00e1tica.<\/p>\n<p class=\"font_8\"><\/p>\n<p class=\"font_8\"><strong>Para conmemorar la elecci\u00f3n para este importante cargo, Ean Thomas Tafoya emiti\u00f3 la siguiente declaraci\u00f3n:<\/strong><\/p>\n<p class=\"font_8\"><\/p>\n<p class=\"font_8\">\u201cAhora es el momento de que saques a relucir tus mejores ideas e inquietudes del pasado. Es hora de que el agua sacie la sed de justicia ambiental. Podemos hacer esto JUNTOS porque juntos nos levantamos.<\/p>\n<p class=\"font_8\">Juntos en esta posici\u00f3n abordaremos las necesidades ambientales de todos los habitantes de Colorado, mientras nos aseguramos de prestar mucha atenci\u00f3n a las comunidades de primera l\u00ednea. Trabajaremos para garantizar que las voces directamente afectadas sean escuchadas en la lucha por un ma\u00f1ana mejor. &quot;<\/p>\n<p class=\"font_8\"><\/p>\n<p class=\"font_8\"><strong>Acerca de <\/strong><a href=\"https:\/\/cdphe.colorado.gov\/environmental-justice\" target=\"_blank\" rel=\"noopener noreferrer nofollow\"><u><strong>Grupo de Trabajo de Acci\u00f3n de Justicia Ambiental de Colorado<\/strong><\/u><\/a><strong>: <\/strong>El 2 de julio de 2021, el gobernador Polis promulg\u00f3 la Ley de Justicia Ambiental (HB21-1266). La Ley de Justicia Ambiental se compromete a fortalecer la justicia ambiental. Da prioridad a la reducci\u00f3n de las disparidades en la salud ambiental en las comunidades afectadas de manera desproporcionada. A partir de esta ley, el estado cre\u00f3 el Grupo de Acci\u00f3n de Justicia Ambiental.<\/p>\n<p class=\"font_8\"><\/p>\n<p class=\"font_8\"><strong>VerdeLatinos<\/strong> es una comunidad activa de l\u00edderes latinos\/a\/x, envalentonados por el poder y la sabidur\u00eda de nuestra cultura, unidos para exigir equidad y desmantelar el racismo, con recursos para ganar nuestras batallas ambientales, de conservaci\u00f3n y de justicia clim\u00e1tica, y motivados para asegurar nuestras pol\u00edticas, Liberaci\u00f3n econ\u00f3mica, cultural y ambiental.<\/p>","protected":false},"excerpt":{"rendered":"<p>Asegurar este importante puesto de servicio p\u00fablico a nivel estatal es una gran victoria para la defensa ambiental de Colorado.<\/p>","protected":false},"author":1527,"featured_media":773,"comment_status":"closed","ping_status":"open","sticky":false,"template":"","format":"standard","meta":{"_acf_changed":false,"footnotes":""},"categories":[19,20],"tags":[],"federal_programs":[],"state_region":[],"class_list":["post-939","post","type-post","status-publish","format-standard","has-post-thumbnail","hentry","category-news","category-press-releases"],"acf":[],"_links":{"self":[{"href":"https:\/\/www.greenlatinos.org\/es\/wp-json\/wp\/v2\/posts\/939","targetHints":{"allow":["GET"]}}],"collection":[{"href":"https:\/\/www.greenlatinos.org\/es\/wp-json\/wp\/v2\/posts"}],"about":[{"href":"https:\/\/www.greenlatinos.org\/es\/wp-json\/wp\/v2\/types\/post"}],"author":[{"embeddable":true,"href":"https:\/\/www.greenlatinos.org\/es\/wp-json\/wp\/v2\/users\/1527"}],"replies":[{"embeddable":true,"href":"https:\/\/www.greenlatinos.org\/es\/wp-json\/wp\/v2\/comments?post=939"}],"version-history":[{"count":0,"href":"https:\/\/www.greenlatinos.org\/es\/wp-json\/wp\/v2\/posts\/939\/revisions"}],"wp:featuredmedia":[{"embeddable":true,"href":"https:\/\/www.greenlatinos.org\/es\/wp-json\/wp\/v2\/media\/773"}],"wp:attachment":[{"href":"https:\/\/www.greenlatinos.org\/es\/wp-json\/wp\/v2\/media?parent=939"}],"wp:term":[{"taxonomy":"category","embeddable":true,"href":"https:\/\/www.greenlatinos.org\/es\/wp-json\/wp\/v2\/categories?post=939"},{"taxonomy":"post_tag","embeddable":true,"href":"https:\/\/www.greenlatinos.org\/es\/wp-json\/wp\/v2\/tags?post=939"},{"taxonomy":"federal_programs","embeddable":true,"href":"https:\/\/www.greenlatinos.org\/es\/wp-json\/wp\/v2\/federal_programs?post=939"},{"taxonomy":"state_region","embeddable":true,"href":"https:\/\/www.greenlatinos.org\/es\/wp-json\/wp\/v2\/state_region?post=939"}],"curies":[{"name":"wp","href":"https:\/\/api.w.org\/{rel}","templated":true}]}}