{"id":918,"date":"2021-01-08T11:56:31","date_gmt":"2021-01-08T11:56:31","guid":{"rendered":"https:\/\/greenlatinos.swooncreative.ca\/greenlatinos-statement-condemning-terrorism-on-capitol-hill\/"},"modified":"2024-12-18T22:03:49","modified_gmt":"2024-12-18T22:03:49","slug":"greenlatinos-statement-condemning-terrorism-on-capitol-hill","status":"publish","type":"post","link":"https:\/\/www.greenlatinos.org\/es\/greenlatinos-statement-condemning-terrorism-on-capitol-hill\/","title":{"rendered":"Declaraci\u00f3n de GreenLatinos condenando el terrorismo en el Capitolio"},"content":{"rendered":"<p class=\"font_7\"><strong>WASHINGTON DC <\/strong>-- En respuesta al terrorismo interno ocurrido en el Capitolio el 6 de enero de 2021, GreenLatinos emite la siguiente declaraci\u00f3n:<\/p>\n<p class=\"font_7\"><\/p>\n<p class=\"font_7\">\u201cFuimos testigos de un asalto a los cimientos mismos de nuestra democracia instigado por el Presidente de los Estados Unidos. La violenta insurrecci\u00f3n en el Capitolio fue un acto abominable de malicia por parte de terroristas nacionales y nacionalistas blancos que han sido empoderados por el presidente y ciertos miembros republicanos del Congreso mediante mentiras deliberadas, conspiraciones y ret\u00f3rica de odio. Fue un acto de pura violencia, no s\u00f3lo contra los dedicados servidores p\u00fablicos cuyas vidas estaban en peligro, sino contra todos nosotros.<\/p>\n<p class=\"font_7\"><\/p>\n<p class=\"font_7\">La transferencia pac\u00edfica del poder ha sido un privilegio preciado en este pa\u00eds. Este proceso, un pilar de nuestra democracia, que representa la voluntad del pueblo, ahora se ha visto empa\u00f1ado, y con \u00e9l, nuestra posici\u00f3n moral como naci\u00f3n.<\/p>\n<p class=\"font_7\"><\/p>\n<p class=\"font_7\">Lo que es m\u00e1s doloroso es ver la lamentable falta de respuesta de aquellos encargados de proteger nuestras vidas y nuestras instituciones. En los \u00faltimos a\u00f1os hemos visto innumerables actos injustificados de violencia contra personas de color e inmigrantes por parte de las fuerzas del orden. El contraste entre la respuesta a las protestas que exigen justicia racial en nuestra sociedad y la de los terroristas de ayer que intentaron anular unas elecciones libres y justas no podr\u00eda ser m\u00e1s marcado.<\/p>\n<p class=\"font_7\"><\/p>\n<p class=\"font_7\">Ayer fue un d\u00eda oscuro en la historia de nuestra naci\u00f3n. Nuestra comunidad ha visto muchos d\u00edas oscuros y desaf\u00edos, pero siempre persistimos porque luchamos del lado de la justicia y por los valores de la democracia. Esta vez no ser\u00e1 la excepci\u00f3n.<\/p>\n<p class=\"font_7\"><\/p>\n<p class=\"font_7\">Se har\u00e1 la voluntad del pueblo y tendremos un nuevo liderazgo en este pa\u00eds. Al hacerlo, hacemos un llamado urgente a los miembros del Gabinete y al Congreso para que destituyan inmediatamente a Donald Trump de su cargo, ya sea mediante la Enmienda 25 o mediante un juicio pol\u00edtico. Debemos tomar medidas r\u00e1pidas para responsabilizar a quienes incitaron y perpetraron esta violencia y llevar ante la justicia a todos los involucrados en la insurrecci\u00f3n en el Capitolio&quot;.<\/p>\n<p class=\"font_7\"><\/p>\n<p class=\"font_7\"><em>GreenLatinos es una organizaci\u00f3n nacional sin fines de lucro que convoca a una amplia coalici\u00f3n de l\u00edderes latinos comprometidos a abordar cuestiones ambientales, de recursos naturales y de conservaci\u00f3n a nivel nacional, regional y local que afectan significativamente la salud y el bienestar de la comunidad latina en los Estados Unidos. Para m\u00e1s informaci\u00f3n visite<\/em><a href=\"https:\/\/greenlatinos.us17.list-manage.com\/track\/click?u=96994b1ee348462390a639d4a&amp;id=fc01f2e1ba&amp;e=a7100d592a\" rel=\"noreferrer noopener\" target=\"_blank\"><em> <\/em><\/a><a href=\"https:\/\/greenlatinos.us17.list-manage.com\/track\/click?u=96994b1ee348462390a639d4a&amp;id=5502eb29cb&amp;e=a7100d592a\" rel=\"noreferrer noopener\" target=\"_blank\"><em>www.greenlatinos.org<\/em><\/a><em>.<\/em><\/p>","protected":false},"excerpt":{"rendered":"<p>WASHINGTON, D.C. -- In response to the&nbsp; domestic terrorism that occurred on Capitol Hill on January 6, 2021, GreenLatinos issues the following statement: \u201cWe witnessed an assault on the very foundations of our democracy instigated by the President of the United States. The violent insurrection on Capitol Hill was an abhorrent act of malice by [&hellip;]<\/p>\n","protected":false},"author":1527,"featured_media":919,"comment_status":"closed","ping_status":"open","sticky":false,"template":"","format":"standard","meta":{"_acf_changed":false,"footnotes":""},"categories":[19,20],"tags":[],"federal_programs":[],"state_region":[],"class_list":["post-918","post","type-post","status-publish","format-standard","has-post-thumbnail","hentry","category-news","category-press-releases"],"acf":[],"_links":{"self":[{"href":"https:\/\/www.greenlatinos.org\/es\/wp-json\/wp\/v2\/posts\/918","targetHints":{"allow":["GET"]}}],"collection":[{"href":"https:\/\/www.greenlatinos.org\/es\/wp-json\/wp\/v2\/posts"}],"about":[{"href":"https:\/\/www.greenlatinos.org\/es\/wp-json\/wp\/v2\/types\/post"}],"author":[{"embeddable":true,"href":"https:\/\/www.greenlatinos.org\/es\/wp-json\/wp\/v2\/users\/1527"}],"replies":[{"embeddable":true,"href":"https:\/\/www.greenlatinos.org\/es\/wp-json\/wp\/v2\/comments?post=918"}],"version-history":[{"count":0,"href":"https:\/\/www.greenlatinos.org\/es\/wp-json\/wp\/v2\/posts\/918\/revisions"}],"wp:featuredmedia":[{"embeddable":true,"href":"https:\/\/www.greenlatinos.org\/es\/wp-json\/wp\/v2\/media\/919"}],"wp:attachment":[{"href":"https:\/\/www.greenlatinos.org\/es\/wp-json\/wp\/v2\/media?parent=918"}],"wp:term":[{"taxonomy":"category","embeddable":true,"href":"https:\/\/www.greenlatinos.org\/es\/wp-json\/wp\/v2\/categories?post=918"},{"taxonomy":"post_tag","embeddable":true,"href":"https:\/\/www.greenlatinos.org\/es\/wp-json\/wp\/v2\/tags?post=918"},{"taxonomy":"federal_programs","embeddable":true,"href":"https:\/\/www.greenlatinos.org\/es\/wp-json\/wp\/v2\/federal_programs?post=918"},{"taxonomy":"state_region","embeddable":true,"href":"https:\/\/www.greenlatinos.org\/es\/wp-json\/wp\/v2\/state_region?post=918"}],"curies":[{"name":"wp","href":"https:\/\/api.w.org\/{rel}","templated":true}]}}