{"id":893,"date":"2021-02-11T01:17:12","date_gmt":"2021-02-11T01:17:12","guid":{"rendered":"https:\/\/greenlatinos.swooncreative.ca\/36-latinx-groups-from-across-u-s-ask-president-biden-to-deliver-on-clean-transportation\/"},"modified":"2024-12-18T22:03:49","modified_gmt":"2024-12-18T22:03:49","slug":"36-latinx-groups-from-across-u-s-ask-president-biden-to-deliver-on-clean-transportation","status":"publish","type":"post","link":"https:\/\/www.greenlatinos.org\/es\/36-latinx-groups-from-across-u-s-ask-president-biden-to-deliver-on-clean-transportation\/","title":{"rendered":"36 grupos latinos de todo EE. UU. piden al presidente Biden que cumpla con el transporte limpio"},"content":{"rendered":"<p class=\"font_7\">Washington DC\u2014 Treinta y cinco grupos latinos de defensa de la justicia ambiental de todo el pa\u00eds <a href=\"https:\/\/www.greenlatinos.org\/es\/resources-1\/clean-transportation-sign-on-letter\/\"><u>envi\u00f3 una carta<\/u><\/a> al presidente Joe Biden y a la vicepresidenta Kamala Harris hoy, pidiendo a su administraci\u00f3n que aborde los impactos desproporcionados de la contaminaci\u00f3n de los tubos de escape en las comunidades de color. Los defensores dicen que invertir en transporte sin emisiones ayudar\u00e1 a generar importantes beneficios en la calidad del aire y ayudar\u00e1 a salvar miles de vidas anualmente en las comunidades latinas. Dieciocho grupos ambientales y de equidad adicionales firmaron la carta en solidaridad para apoyar una transici\u00f3n equitativa al transporte el\u00e9ctrico.<\/p>\n<p class=\"font_7\"><\/p>\n<p class=\"font_7\"><\/p>\n<p class=\"font_7\">&quot;La contaminaci\u00f3n t\u00f3xica de los autom\u00f3viles y camiones est\u00e1 acortando la vida de las comunidades negras, morenas y de bajos ingresos en todo Estados Unidos&quot;, dijo <strong>Andrea Marpillero-Colomina, defensora del transporte limpio de GreenLatinos, que redact\u00f3 e involucr\u00f3 a los firmantes de la carta.<\/strong>. \u201cLos compromisos del presidente Biden de electrificar la flota estadounidense son un paso en la direcci\u00f3n correcta, pero necesitamos acciones m\u00e1s contundentes que aborden directa y hol\u00edsticamente el racismo ambiental. Existe una necesidad urgente de acciones firmes y visi\u00f3n de futuro cuando se trata de abordar las emisiones y el acceso al transporte, y esperamos poder trabajar junto con nuestra administraci\u00f3n federal para llevar transporte limpio a las comunidades latinas en todo el pa\u00eds\u201d.<\/p>\n<p class=\"font_7\"><\/p>\n<p class=\"font_7\"><\/p>\n<p class=\"font_7\">La carta describe seis recomendaciones de pol\u00edticas para una aceleraci\u00f3n equitativa y sostenible hacia un futuro equitativo de veh\u00edculos de cero emisiones:<\/p>\n<ul class=\"font_7\">\n<li>\n<p class=\"font_7\">Eliminaci\u00f3n gradual de la venta de veh\u00edculos nuevos propulsados por combustibles f\u00f3siles para 2035<\/p>\n<\/li>\n<li>\n<p class=\"font_7\">Electrificar todos los veh\u00edculos en circulaci\u00f3n para 2050<\/p>\n<\/li>\n<li>\n<p class=\"font_7\">Invertir en redes de transporte p\u00fablico integrales y limpias<\/p>\n<\/li>\n<li>\n<p class=\"font_7\">Establecer incentivos claros y efectivos para reducir la contaminaci\u00f3n de los camiones medianos y pesados.<\/p>\n<\/li>\n<li>\n<p class=\"font_7\">Desarrollar incentivos para la fabricaci\u00f3n y venta de veh\u00edculos el\u00e9ctricos y garantizar que estos veh\u00edculos sean accesibles para todos.<\/p>\n<\/li>\n<li>\n<p class=\"font_7\">Coordinar acciones de transporte limpio entre agencias federales y en consulta con las comunidades m\u00e1s afectadas.<\/p>\n<\/li>\n<\/ul>\n<p class=\"font_8\"><\/p>\n<p class=\"font_7\">Los veh\u00edculos propulsados por gasolina y di\u00e9sel representan m\u00e1s del<a href=\"https:\/\/www.epa.gov\/transportation-air-pollution-and-climate-change\/smog-soot-and-local-air-pollution\" target=\"_blank\" rel=\"noopener noreferrer nofollow\"><u> la mitad de las sustancias que componen el smog que da\u00f1a los pulmones<\/u><\/a>. En las regiones del noreste y del Atl\u00e1ntico medio de EE. UU., la gente de color respira <a href=\"https:\/\/www.ucsusa.org\/resources\/inequitable-exposure-air-pollution-vehicles\" target=\"_blank\" rel=\"noopener noreferrer nofollow\"><u>66 por ciento m\u00e1s contaminaci\u00f3n<\/u><\/a> que los residentes blancos, y en California, las comunidades negras, latinas y asi\u00e1ticas est\u00e1n expuestas a aproximadamente <a href=\"https:\/\/www.pasadenastarnews.com\/2020\/07\/13\/san-gabriel-valley-air-quality-is-killing-black-and-latino-families\/\" target=\"_blank\" rel=\"noopener noreferrer nofollow\"><u>43 por ciento m\u00e1s contaminaci\u00f3n vehicular <\/u><\/a>que los residentes blancos. La implementaci\u00f3n de las acciones pol\u00edticas descritas en la carta podr\u00eda salvar 6.300 vidas, evitar 93.000 ataques de asma y ahorrar alrededor de $72 mil millones en costos m\u00e9dicos, seg\u00fan un informe de <a href=\"https:\/\/www.lung.org\/getmedia\/99cc945c-47f2-4ba9-ba59-14c311ca332a\/electric-vehicle-report.pdf\" target=\"_blank\" rel=\"noopener noreferrer nofollow\"><u>an\u00e1lisis<\/u><\/a> de la Asociaci\u00f3n Estadounidense del Pulm\u00f3n.<\/p>\n<p class=\"font_7\"><\/p>\n<p class=\"font_7\">\u201cPresidente Biden, lo aplaudimos por su enfoque en la injusticia ambiental. Vivimos y respiramos la realidad del racismo ambiental sist\u00e9mico todos los d\u00edas al vivir en vecindarios al lado de carreteras y en zonas de muerte por di\u00e9sel\u201d, dijo <strong>Mark Maga\u00f1a, presidente fundador y director ejecutivo de GreenLatinos<\/strong>. \u201cAhora es el momento de respaldar sus palabras con acciones en\u00e9rgicas. Les pedimos que inviten a nuestras comunidades a una mesa inclusiva y se comprometan a tomar medidas consistentes y sostenidas para reducir la contaminaci\u00f3n del transporte, ayudar a las familias en dificultades y llevar justicia a nuestras comunidades\u201d.<\/p>\n<p class=\"font_7\" style=\"text-align: center\"><\/p>\n<p class=\"font_7\" style=\"text-align: center\"><strong>LISTA COMPLETA DE FIRMANTES DEL GRUPO LATINX<\/strong><\/p>\n<ol class=\"font_7\">\n<li>\n<p class=\"font_7\">ASPIRA<\/p>\n<\/li>\n<li>\n<p class=\"font_7\">Azul<\/p>\n<\/li>\n<li>\n<p class=\"font_7\">Sea el cambio-Colorado<\/p>\n<\/li>\n<li>\n<p class=\"font_7\">Llamado a la acci\u00f3n Colorado<\/p>\n<\/li>\n<li>\n<p class=\"font_7\">Casa Quetzalc\u00f3atl<\/p>\n<\/li>\n<li>\n<p class=\"font_7\">CleanAirNowKC<\/p>\n<\/li>\n<li>\n<p class=\"font_7\">Coalici\u00f3n por el Medio Ambiente, la Equidad y la Resiliencia (CEER)<\/p>\n<\/li>\n<li>\n<p class=\"font_7\">Conexi\u00f3n comunitaria con la naturaleza<\/p>\n<\/li>\n<li>\n<p class=\"font_7\">Coraz\u00f3n Latino<\/p>\n<\/li>\n<li>\n<p class=\"font_7\">D\u00eda uno<\/p>\n<\/li>\n<li>\n<p class=\"font_7\">EcoRise<\/p>\n<\/li>\n<li>\n<p class=\"font_7\">VerdeLatinos<\/p>\n<\/li>\n<li>\n<p class=\"font_7\">Asociaci\u00f3n Hispana de Colegios y Universidades<\/p>\n<\/li>\n<li>\n<p class=\"font_7\">Federaci\u00f3n Hispana<\/p>\n<\/li>\n<li>\n<p class=\"font_7\">Los hispanos en la filantrop\u00eda<\/p>\n<\/li>\n<li>\n<p class=\"font_7\">Latinas en tecnolog\u00edas limpias<\/p>\n<\/li>\n<li>\n<p class=\"font_7\">Latinos al aire libre<\/p>\n<\/li>\n<li>\n<p class=\"font_7\">Liga de Ciudadanos Latinoamericanos Unidos (LULAC)<\/p>\n<\/li>\n<li>\n<p class=\"font_7\">ENLACE Houston<\/p>\n<\/li>\n<li>\n<p class=\"font_7\">MANA, una organizaci\u00f3n nacional latina<\/p>\n<\/li>\n<li>\n<p class=\"font_7\">Mi Familia Vota<\/p>\n<\/li>\n<li>\n<p class=\"font_7\">Fundaci\u00f3n Nacional Hispana para las Artes<\/p>\n<\/li>\n<li>\n<p class=\"font_7\">Asociaci\u00f3n M\u00e9dica Nacional Hispana<\/p>\n<\/li>\n<li>\n<p class=\"font_7\">Asociaci\u00f3n Nacional de Psicolog\u00eda Latinx<\/p>\n<\/li>\n<li>\n<p class=\"font_7\">M\u00e9dicos por la Responsabilidad Social - Cap\u00edtulo de Arizona<\/p>\n<\/li>\n<li>\n<p class=\"font_7\">Pittsburghers para el transporte p\u00fablico<\/p>\n<\/li>\n<li>\n<p class=\"font_7\">Sachamama<\/p>\n<\/li>\n<li>\n<p class=\"font_7\">Sociedad de Naciones Nativas<\/p>\n<\/li>\n<li>\n<p class=\"font_7\">El Instituto CLEO<\/p>\n<\/li>\n<li>\n<p class=\"font_7\">La \u00faltima pajita de pl\u00e1stico<\/p>\n<\/li>\n<li>\n<p class=\"font_7\">El Proyecto de Conservaci\u00f3n Nuestra Tierra<\/p>\n<\/li>\n<li>\n<p class=\"font_7\">Juntos por Hermanos (T4B)<\/p>\n<\/li>\n<li>\n<p class=\"font_7\">Unir el norte de Denver<\/p>\n<\/li>\n<li>\n<p class=\"font_7\">Coalici\u00f3n de La Raza de Utah<\/p>\n<\/li>\n<li>\n<p class=\"font_7\">Vidas Viequenses Valen<\/p>\n<\/li>\n<li>\n<p class=\"font_7\">Vota Solar<\/p>\n<\/li>\n<\/ol>\n<p class=\"font_8\"><\/p>\n<p class=\"font_7\" style=\"text-align: center\">FIRMANTES ADICIONALES<\/p>\n<ol class=\"font_7\">\n<li>\n<p class=\"font_7\">Coltura<\/p>\n<\/li>\n<li>\n<p class=\"font_7\">Universidad de Cornell<\/p>\n<\/li>\n<li>\n<p class=\"font_7\">Instituto Cottonwood<\/p>\n<\/li>\n<li>\n<p class=\"font_7\">Acci\u00f3n de la Tierra<\/p>\n<\/li>\n<li>\n<p class=\"font_7\">\u00c9tica de la Tierra, Inc.<\/p>\n<\/li>\n<li>\n<p class=\"font_7\">Coalici\u00f3n de especies en peligro de extinci\u00f3n<\/p>\n<\/li>\n<li>\n<p class=\"font_7\">Fe Verde<\/p>\n<\/li>\n<li>\n<p class=\"font_7\">Madres al frente - Colorado<\/p>\n<\/li>\n<li>\n<p class=\"font_7\">Clima, Conservaci\u00f3n y Medio Ambiente de Am\u00e9rica del Norte (NACCE)<\/p>\n<\/li>\n<li>\n<p class=\"font_7\">Facultad de Medicina de la Universidad de Nueva York<\/p>\n<\/li>\n<li>\n<p class=\"font_7\">Sociedad de futuros oce\u00e1nicos<\/p>\n<\/li>\n<li>\n<p class=\"font_7\">Consejo Ambiental de Ohio<\/p>\n<\/li>\n<li>\n<p class=\"font_7\">Universidad Pomona<\/p>\n<\/li>\n<li>\n<p class=\"font_7\">Universidad Estatal de San Jos\u00e9<\/p>\n<\/li>\n<li>\n<p class=\"font_7\">Club Sierra<\/p>\n<\/li>\n<li>\n<p class=\"font_7\">Vecinos Solares Unidos<\/p>\n<\/li>\n<li>\n<p class=\"font_7\">Uni\u00f3n de cient\u00edficos preocupados<\/p>\n<\/li>\n<li>\n<p class=\"font_7\">Guardianes de la Tierra Salvaje<\/p>\n<\/li>\n<li>\n<p class=\"font_7\">Escuela de Medio Ambiente de Yale<\/p>\n<\/li>\n<\/ol>\n<p class=\"font_7\" style=\"text-align: center\"><\/p>\n<p class=\"font_7\"><\/p>\n<p class=\"font_7\" style=\"text-align: center\"><a href=\"https:\/\/www.greenlatinos.org\/es\/resources-1\/clean-transportation-sign-on-letter\/\"><u>Haga clic aqu\u00ed para leer la carta.<\/u><\/a><\/p>\n<p class=\"font_7\" style=\"text-align: center\"><\/p>\n<p class=\"font_7\"><\/p>\n<p class=\"font_7\" style=\"text-align: center\">###<\/p>","protected":false},"excerpt":{"rendered":"<p>Treinta y cinco grupos latinos de defensa de la justicia ambiental de todo el pa\u00eds enviaron hoy una carta al presidente Joe Biden y a la vicepresidenta Kamala Harris, pidiendo a su administraci\u00f3n que aborde los impactos desproporcionados de la contaminaci\u00f3n de los tubos de escape en las comunidades de color.<\/p>","protected":false},"author":1527,"featured_media":894,"comment_status":"closed","ping_status":"open","sticky":false,"template":"","format":"standard","meta":{"_acf_changed":false,"footnotes":""},"categories":[19,20],"tags":[],"federal_programs":[],"state_region":[],"class_list":["post-893","post","type-post","status-publish","format-standard","has-post-thumbnail","hentry","category-news","category-press-releases"],"acf":[],"_links":{"self":[{"href":"https:\/\/www.greenlatinos.org\/es\/wp-json\/wp\/v2\/posts\/893","targetHints":{"allow":["GET"]}}],"collection":[{"href":"https:\/\/www.greenlatinos.org\/es\/wp-json\/wp\/v2\/posts"}],"about":[{"href":"https:\/\/www.greenlatinos.org\/es\/wp-json\/wp\/v2\/types\/post"}],"author":[{"embeddable":true,"href":"https:\/\/www.greenlatinos.org\/es\/wp-json\/wp\/v2\/users\/1527"}],"replies":[{"embeddable":true,"href":"https:\/\/www.greenlatinos.org\/es\/wp-json\/wp\/v2\/comments?post=893"}],"version-history":[{"count":0,"href":"https:\/\/www.greenlatinos.org\/es\/wp-json\/wp\/v2\/posts\/893\/revisions"}],"wp:featuredmedia":[{"embeddable":true,"href":"https:\/\/www.greenlatinos.org\/es\/wp-json\/wp\/v2\/media\/894"}],"wp:attachment":[{"href":"https:\/\/www.greenlatinos.org\/es\/wp-json\/wp\/v2\/media?parent=893"}],"wp:term":[{"taxonomy":"category","embeddable":true,"href":"https:\/\/www.greenlatinos.org\/es\/wp-json\/wp\/v2\/categories?post=893"},{"taxonomy":"post_tag","embeddable":true,"href":"https:\/\/www.greenlatinos.org\/es\/wp-json\/wp\/v2\/tags?post=893"},{"taxonomy":"federal_programs","embeddable":true,"href":"https:\/\/www.greenlatinos.org\/es\/wp-json\/wp\/v2\/federal_programs?post=893"},{"taxonomy":"state_region","embeddable":true,"href":"https:\/\/www.greenlatinos.org\/es\/wp-json\/wp\/v2\/state_region?post=893"}],"curies":[{"name":"wp","href":"https:\/\/api.w.org\/{rel}","templated":true}]}}