{"id":804,"date":"2021-10-15T14:05:18","date_gmt":"2021-10-15T14:05:18","guid":{"rendered":"https:\/\/greenlatinos.swooncreative.ca\/coalition-of-organizations-launch-the-latino-climate-justice-framework-project\/"},"modified":"2024-12-18T22:03:48","modified_gmt":"2024-12-18T22:03:48","slug":"coalition-of-organizations-launch-the-latino-climate-justice-framework-project","status":"publish","type":"post","link":"https:\/\/www.greenlatinos.org\/es\/coalition-of-organizations-launch-the-latino-climate-justice-framework-project\/","title":{"rendered":"Coalici\u00f3n de Organizaciones Lanzan el Proyecto Marco Latino de Justicia Clim\u00e1tica"},"content":{"rendered":"<p class=\"font_8\"><strong>Washington DC - <\/strong>Siguiendo el impulso de la <a href=\"https:\/\/www.greenlatinos.org\/es\/resources-1\/latinx-organizations-calling-on-congress-and-the-administration-letter\/\"><u>Carta de firma de prioridades clim\u00e1ticas latinas<\/u><\/a> entregada al Congreso y a la Administraci\u00f3n este verano, casi dos docenas de importantes organizaciones latinas\/a\/x se unen hoy, \u00faltimo d\u00eda del Mes de la Herencia Hispana, para anunciar el lanzamiento de un proyecto para desarrollar y ampliar esta carta hacia un enfoque integral e inclusivo. Marco Latino de Justicia Clim\u00e1tica (LCJF).<\/p>\n<p class=\"font_8\"><\/p>\n<p class=\"font_8\">La carta de prioridades clim\u00e1ticas de los latinos aboga por mejorar y promover las partes clim\u00e1ticas s\u00f3lidas de la agenda Build Back Better del presidente Biden y enfatiza que esta agenda debe priorizar las comunidades de primera l\u00ednea y de color. Los latinos en todo el pa\u00eds soportan de manera desproporcionada la peor parte del cambio clim\u00e1tico \u2013desde la contaminaci\u00f3n del aire, el agua y el suelo hasta vivir en comunidades m\u00e1s vulnerables a los eventos provocados por el clima\u2013 y enfrentan de manera desproporcionada disparidades econ\u00f3micas y de salud.<\/p>\n<p class=\"font_8\"><\/p>\n<p class=\"font_8\">Mientras la coalici\u00f3n de 23 organizaciones latinas trabaja en conjunto para desarrollar la LCJF, los miembros aprovechar\u00e1n el importante trabajo de los l\u00edderes de primera l\u00ednea en justicia clim\u00e1tica y ambiental para resaltar los impactos desproporcionados que la crisis clim\u00e1tica tiene en las comunidades latinas en todo el pa\u00eds y construir una justicia clim\u00e1tica amplia. El marco garantizar\u00e1 que las prioridades de las comunidades latinas sean elevadas y protegidas.<\/p>\n<p class=\"font_8\"><\/p>\n<p class=\"font_8\">Los impactos desproporcionados que a\u00fan no se han abordado suficientemente en la mayor\u00eda de los planes de crisis clim\u00e1tica existentes incluyen:<\/p>\n<ul class=\"font_8\">\n<li>\n<p class=\"font_8\">Acceso a informaci\u00f3n y servicios ling\u00fc\u00edstica y culturalmente apropiados;<\/p>\n<\/li>\n<li>\n<p class=\"font_8\">Soluciones, barreras y desempoderamiento de inmigraci\u00f3n y ciudadan\u00eda;<\/p>\n<\/li>\n<li>\n<p class=\"font_8\">Accesibilidad a sistemas de respuesta a emergencias culturalmente competentes;<\/p>\n<\/li>\n<li>\n<p class=\"font_8\">Abordar la causa fundamental de la devastaci\u00f3n clim\u00e1tica y la migraci\u00f3n en Am\u00e9rica Latina;<\/p>\n<\/li>\n<li>\n<p class=\"font_8\">Equidad y futuro resiliente para Puerto Rico y los territorios;<\/p>\n<\/li>\n<li>\n<p class=\"font_8\">Dificultades econ\u00f3micas, viviendas asequibles e inseguridad alimentaria;<\/p>\n<\/li>\n<li>\n<p class=\"font_8\">Disparidades econ\u00f3micas, sanitarias y educativas basadas en el g\u00e9nero;<\/p>\n<\/li>\n<li>\n<p class=\"font_8\">Acceso a herramientas para oportunidades econ\u00f3micas, incluida la banda ancha;<\/p>\n<\/li>\n<li>\n<p class=\"font_8\">Acceso limitado a atenci\u00f3n m\u00e9dica, seguro m\u00e9dico y servicios sociales adecuados;<\/p>\n<\/li>\n<li>\n<p class=\"font_8\">Seguridad y protecci\u00f3n para trabajadores agr\u00edcolas, trabajadores de la construcci\u00f3n y otros trabajadores de primera l\u00ednea;<\/p>\n<\/li>\n<li>\n<p class=\"font_8\">Inversiones en espacios verdes e infraestructura resiliente al clima en comunidades vulnerables;<\/p>\n<\/li>\n<li>\n<p class=\"font_8\">Responsabilidad de que los d\u00f3lares de los programas gubernamentales se est\u00e9n invirtiendo adecuada y suficientemente en las comunidades de primera l\u00ednea;<\/p>\n<\/li>\n<li>\n<p class=\"font_8\">Un programa de incentivos amplio y equitativo para la energ\u00eda renovable, la energ\u00eda solar comunitaria y la compra de veh\u00edculos el\u00e9ctricos asequibles con una red de carga dise\u00f1ada para todos;<\/p>\n<\/li>\n<li>\n<p class=\"font_8\">Incentivar oportunidades educativas para que estudiantes de bajos ingresos ingresen a los campos clim\u00e1ticos y ambientales;<\/p>\n<\/li>\n<li>\n<p class=\"font_8\">Financiamiento a escala nacional para programas de educaci\u00f3n al aire libre para j\u00f3venes de bajos ingresos; y<\/p>\n<\/li>\n<li>\n<p class=\"font_8\">Acceso ampliado a los procesos de toma de decisiones, incluidos los previstos en la NEPA, para proyectos ambientales y de cambio clim\u00e1tico.<\/p>\n<\/li>\n<\/ul>\n<p class=\"font_8\"><\/p>\n<p class=\"font_8\">Estados Unidos y nuestro planeta se enfrentan a una era incomparable y sin precedentes de crisis simult\u00e1neas y urgentes. Ambiental, econ\u00f3mica y socialmente, las formas en que existimos en nuestro mundo y nos relacionamos unos con otros est\u00e1n siendo cuestionadas. Las comunidades latinas y de primera l\u00ednea se ven perjudicadas desproporcionadamente por las crisis existentes y emergentes.<\/p>\n<p class=\"font_8\"><\/p>\n<p class=\"font_8\">Si bien se han desarrollado muchos marcos de pol\u00edticas excelentes (e inspiradores) para abordar la crisis clim\u00e1tica, el nuestro se centrar\u00e1 expl\u00edcitamente en c\u00f3mo las crisis clim\u00e1tica, econ\u00f3mica, social y de salud interconectadas est\u00e1n afectando a las comunidades latinas en todo Estados Unidos y sus territorios.<\/p>\n<p class=\"font_8\"><\/p>\n<p class=\"font_8\">La coalici\u00f3n de organizaciones que se unen para desarrollar este marco latino para abordar la crisis clim\u00e1tica incluye: Azul, Chispa, Comit\u00e9 Di\u00e1logo Ambiental, Coraz\u00f3n Latino, EcoMadres, Farmworker Justice, GreenLatinos, HACU, HECHO, Federaci\u00f3n Hispana, Latino Outdoors, LULAC, MANA, Mi Familia Vota, NHCSL, NHMA, Poder Latinx, Presente.org, Sachamama, TEJAS, UnidosUS Action Fund, UPROSE y WCVI.<\/p>\n<p class=\"font_8\"><\/p>\n<p class=\"font_8\"><strong>Carlos Ochoa, Asociado de Pol\u00edtica Nacional de Azul.<\/strong><\/p>\n<p class=\"font_8\"><em>\u201cEl presidente Biden debe abordar una confluencia de crisis: la crisis clim\u00e1tica, la COVID-19, la justicia racial y de inmigrantes, las desigualdades en salud y la injusticia ambiental. Un hecho que estos problemas tienen en com\u00fan es su impacto desproporcionado en las comunidades de color. Para enfrentar estos problemas, la comunidad latina necesita unirse y defender sus intereses, especialmente ahora que la agenda del Presidente Reconstruir Mejor pasa por la negociaci\u00f3n. Es por eso que Azul se enorgullece de unirse y ayudar con el lanzamiento del Marco Clim\u00e1tico Latino junto con otras organizaciones latinas l\u00edderes para ayudar a promover prioridades basadas en perspectivas valiosas&quot;.<\/em><\/p>\n<p class=\"font_8\"><\/p>\n<p class=\"font_8\"><strong>Ruth Santiago, Defensora del Clima y Abogada, Comit\u00e9 Di\u00e1logo Ambiental, Inc<\/strong><\/p>\n<p class=\"font_8\"><em>Los huracanes m\u00e1s frecuentes e intensos provocados por la crisis clim\u00e1tica amenazan a Puerto Rico, el Caribe y la costa este de Estados Unidos. Una lecci\u00f3n aprendida despu\u00e9s del embate del hurac\u00e1n Mar\u00eda es que Puerto Rico debe transformar su sistema el\u00e9ctrico desde la generaci\u00f3n y transmisi\u00f3n centralizada de energ\u00eda a partir de f\u00f3siles hacia una infraestructura de energ\u00eda renovable localizada y basada en la comunidad. La Autoridad de Energ\u00eda El\u00e9ctrica de Puerto Rico, el Gobierno de Puerto Rico y la Administraci\u00f3n Biden est\u00e1n llamados a invertir la cantidad hist\u00f3rica de fondos de recuperaci\u00f3n de desastres de FEMA ya asignados para el sistema el\u00e9ctrico de Puerto Rico en sistemas de almacenamiento de energ\u00eda solar y de bater\u00edas en techos que salvan vidas como uno solo. de las primeras grandes pruebas de su compromiso para afrontar la crisis clim\u00e1tica. El financiamiento federal de nuevas plantas de energ\u00eda a gas y sistemas centralizados de transmisi\u00f3n y distribuci\u00f3n no brindar\u00e1 a Puerto Rico independencia y viabilidad energ\u00e9tica en el futuro y ser\u00eda un desperdicio de fondos de los contribuyentes.<\/em><\/p>\n<p class=\"font_8\"><\/p>\n<p class=\"font_8\"><strong>Felipe Ben\u00edtez, Director Ejecutivo de Coraz\u00f3n Latino<\/strong><\/p>\n<p class=\"font_8\"><em>\u201cLos latinos tienen una tradici\u00f3n de profundo respeto y reverencia por la Madre Tierra y, al mismo tiempo, se les priva de todos los beneficios que brinda nuestro medio ambiente. El cambio clim\u00e1tico es muy personal para nosotros, ya que tomamos medidas en nuestra vida cotidiana para proteger el medio ambiente mientras vivimos en \u00e1reas donde el aire est\u00e1 contaminado, el agua no es potable, faltan espacios verdes y donde corremos un alto riesgo de sufrir condiciones clim\u00e1ticas extremas. eventos. A medida que nuestra poblaci\u00f3n y nuestra participaci\u00f3n en el proceso pol\u00edtico aumentan, queremos ver pol\u00edticas que cristalicen nuestra conexi\u00f3n de larga data con la naturaleza. Exigimos acci\u00f3n inmediata de nuestros funcionarios electos en todos los niveles de gobierno, ya sea que representen a migrantes centroamericanos, a puertorrique\u00f1os que se ven obligados a emigrar al continente o a latinos con historias multigeneracionales en nuestros estados cuyas vidas est\u00e1n siendo desarraigadas como resultado del cambio clim\u00e1tico\u201d.<\/em><\/p>\n<p class=\"font_8\"><\/p>\n<p class=\"font_8\"><strong>Cinthia Zerme\u00f1o Moore, L\u00edder Nacional, EcoMadres<\/strong><\/p>\n<p class=\"font_8\"><em>\u201cEcoMadres se enorgullece de ser parte de una coalici\u00f3n nacional de organizaciones que trabajan de la mano en un marco clim\u00e1tico m\u00e1s inclusivo para guiar a nuestro pa\u00eds. La voz, las luchas y la perspectiva de nuestra comunidad a menudo quedan excluidas de las conversaciones sobre acci\u00f3n clim\u00e1tica. Sin embargo, los latinos nos vemos afectados desproporcionadamente por el cambio clim\u00e1tico debido al lugar donde trabajamos, vivimos y vamos a la escuela. Y los ni\u00f1os latinos tienen 60% m\u00e1s riesgo de sufrir ataques de asma exacerbados por la contaminaci\u00f3n del aire, y 40% m\u00e1s probabilidades de morir a causa de un ataque de asma que sus hom\u00f3logos blancos. Por eso es crucial que se escuche a las comunidades de primera l\u00ednea y a los l\u00edderes de la justicia ambiental. Mientras nuestro pa\u00eds est\u00e1 listo para reconstruir mejor, debemos asegurarnos de que las prioridades de nuestras comunidades est\u00e9n representadas y protegidas de manera significativa\u201d.<\/em><\/p>\n<p class=\"font_8\"><\/p>\n<p class=\"font_8\"><strong>Bruce Goldstein, Director Ejecutivo, Justicia para Trabajadores Agr\u00edcolas<\/strong><\/p>\n<p class=\"font_8\"><em>&quot;Los trabajadores agr\u00edcolas, que son predominantemente latinos, ya est\u00e1n sufriendo algunos de los impactos m\u00e1s devastadores de la crisis clim\u00e1tica. No podemos responder adecuadamente a esta amenaza sin abordar los problemas estructurales de larga data que afectan a estos trabajadores y sus familias&quot;.<\/em><\/p>\n<p class=\"font_8\"><\/p>\n<p class=\"font_8\"><strong>Mark Maga\u00f1a, presidente fundador y director ejecutivo de GreenLatinos<\/strong><\/p>\n<p class=\"font_8\"><em>\u201cLa comunidad latina es resiliente, pero estamos sufriendo en este momento. La pandemia de Covid-19 est\u00e1 perjudicando desproporcionadamente a las comunidades de color y estamos siendo devastados por cat\u00e1strofes clim\u00e1ticas. Mientras continuamos negociando y luchando por la agenda cr\u00edtica del Presidente Reconstruir Mejor, estamos emprendiendo un proceso necesario y minucioso arraigado en los valores de nuestra comunidad y cultura para garantizar que las prioridades y necesidades de nuestras comunidades sean identificadas y satisfechas. Esperamos trabajar con l\u00edderes electos y designados en todo el pa\u00eds para incorporar estas prioridades cr\u00edticas en todas nuestras comunidades. Necesitamos acci\u00f3n AHORA y no tenemos m\u00e1s remedio que levantarnos y luchar por la liberaci\u00f3n ambiental que necesitamos desesperadamente\u201d.<\/em><\/p>\n<p class=\"font_8\"><\/p>\n<p class=\"font_8\"><em><strong>Laura M. Esquivel, vicepresidenta de pol\u00edtica federal y defensa de la Federaci\u00f3n Hispana<\/strong><\/em><em>.<\/em><\/p>\n<p class=\"font_8\"><em>\u201cBuild Back Better es una oportunidad \u00fanica para crear un futuro mejor para nuestras comunidades, abordar las desigualdades del pasado y crear los procesos y estructuras para garantizar que nuestros ni\u00f1os y comunidades est\u00e9n m\u00e1s sanos y puedan prosperar. Ahora es el momento de actuar para revertir o mitigar los impactos del cambio clim\u00e1tico y trazar un camino m\u00e1s equitativo para las comunidades de primera l\u00ednea. Podemos lograr esto invirtiendo y electrificando el transporte p\u00fablico, lo que beneficia m\u00e1s a las familias trabajadoras, creando incentivos para hacer que el acceso a tecnolog\u00edas renovables como la energ\u00eda solar sea m\u00e1s asequible, brindando supervisi\u00f3n para garantizar que las pol\u00edticas de FEMA no perpet\u00faen la desigualdad y asegur\u00e1ndonos de que la energ\u00eda limpia y renovable y modernizando la red el\u00e9ctrica se realicen de manera equitativa. Mientras continuamos intentando recuperarnos de la pandemia de COVID-19, debemos reconocer las desigualdades que puso de relieve en nuestra sociedad y trabajar para remediar estas injusticias\u201d.<\/em><\/p>\n<p class=\"font_8\"><\/p>\n<p class=\"font_8\"><strong>Camilla Simon, Directora Ejecutiva Hispanos que disfrutan acampar, cazar y actividades al aire libre (HECHO)<\/strong><\/p>\n<p class=\"font_8\"><em>\u201cLos hispanos y latinos se encuentran entre los guardianes m\u00e1s activos de la naturaleza y constantemente clasifican el cambio clim\u00e1tico y otras amenazas ambientales como las principales preocupaciones en sus comunidades en todo el pa\u00eds. Sin embargo, nuestras voces a menudo quedan excluidas del discurso sobre pol\u00edticas de conservaci\u00f3n que impactan directamente a nuestras comunidades y forma de vida. El Proyecto Marco Latino de Justicia Clim\u00e1tica garantiza que las prioridades de nuestras comunidades est\u00e9n representadas y protegidas para que podamos crear soluciones efectivas a largo plazo que se centrar\u00e1n en la intersecci\u00f3n del clima y la justicia social. Dentro del marco, recomendaciones como el acceso a banda ancha, la inversi\u00f3n en espacios verdes y un mayor acceso a los procesos de toma de decisiones son profundamente personales para HECHO, y durante mucho tiempo hemos abogado por medidas como el Fondo para la Conservaci\u00f3n de Tierras y Aguas, un mayor acceso a la banda ancha y NEPA para que las comunidades identifiquen soluciones equitativas a las crisis clim\u00e1ticas\u201d.<\/em><\/p>\n<p class=\"font_8\"><\/p>\n<p class=\"font_8\"><strong>Luis Villa, Director Ejecutivo, Latino Outdoors<\/strong><\/p>\n<p class=\"font_8\"><em>\u201dLatino Outdoors tiene el honor de ser parte de esta coalici\u00f3n para desarrollar un marco para abordar de manera integral la crisis clim\u00e1tica. Sin duda, esta amenaza existencial afecta de manera desproporcionada a los latinos, otras comunidades de color y poblaciones de bajos ingresos. Sin embargo, si no se controla, el impacto adverso no ser\u00e1 selectivo para determinadas comunidades. Nos corresponde a todos encontrar soluciones que consideren con audacia y valent\u00eda las causas fundamentales, mejorando las formas en que gestionamos colectivamente nuestros recursos, tanto naturales como sociales, para garantizar un mundo sostenible para todas las comunidades en el aqu\u00ed y ahora y en el futuro\u201d.<\/em><\/p>\n<p class=\"font_8\"><\/p>\n<p class=\"font_8\"><strong>Sindy Benavides, directora ejecutiva, LULAC<\/strong><\/p>\n<p class=\"font_8\"><em>&quot;Los efectos del cambio clim\u00e1tico est\u00e1n causando estragos en nuestras comunidades latinas. La pandemia de COVID-19 ha exacerbado los problemas alimentados por el racismo ambiental y ha profundizado la injusticia y la desigualdad. Este es un momento crucial para que unamos fuerzas y aboguemos por una pol\u00edtica transformadora sobre el cambio clim\u00e1tico. y ayudar a nuestras comunidades a reconstruirse mejor y m\u00e1s fuerte. LULAC est\u00e1 comprometida a trabajar junto con otros l\u00edderes latinos para obtener protecci\u00f3n para el aire limpio, la energ\u00eda renovable y el agua limpia para todas nuestras comunidades&quot;.<\/em><\/p>\n<p class=\"font_8\"><\/p>\n<p class=\"font_8\"><strong>Amy Hinojosa, presidenta nacional y directora ejecutiva. MAN\u00c1<\/strong><\/p>\n<p class=\"font_8\"><em>\u201cLa urgencia de la crisis clim\u00e1tica ya se ha manifestado en la devastaci\u00f3n para las comunidades latinas y debemos afrontar este momento con valent\u00eda y soluciones audaces. Nuestras comunidades est\u00e1n sufriendo y no cederemos hasta que los legisladores tomen medidas significativas para abordar la crisis clim\u00e1tica y brindar ayuda a quienes lo necesitan\u201d.<\/em><\/p>\n<p class=\"font_8\"><\/p>\n<p class=\"font_8\"><strong>Katara Burrola, Organizadora Ambiental de Colorado, Mi Familia Vota<\/strong><\/p>\n<p class=\"font_8\"><em>\u201cNuestra comunidad latina siempre ser\u00e1 fuerte y estar\u00e1 arraigada en nuestro sentido de uni\u00f3n a lo largo de nuestros \u00e9xitos y tribulaciones. Sin embargo, nos damos cuenta de que nuestra comunidad ha sido tratada injustamente a trav\u00e9s del lente de la Justicia Ambiental y lucharemos para que esa inequidad termine. A lo largo del trabajo crucial del presidente Biden con la Agenda Reconstruir Mejor, no solo nos esforzaremos por garantizar que los latinos tengan acceso a recursos para la familia, el trabajo, la salud y el idioma, sino tambi\u00e9n a medios de vida ambientalmente seguros. Estamos entusiasmados de ayudar a dirigir esta legislaci\u00f3n fundamental en una direcci\u00f3n que sea justa para todos los latinos, junto con nuestros funcionarios electos aliados en todo el pa\u00eds. Tambi\u00e9n esperamos alcanzar el futuro de aire, agua y tierra limpios para nuestra gente y la biodiversidad que nos sustenta. Juntos\u201d.<\/em><\/p>\n<p class=\"font_8\"><\/p>\n<p class=\"font_8\"><strong>Dra. Elena R\u00edos, Presidenta y Directora Ejecutiva - Asociaci\u00f3n M\u00e9dica Nacional Hispana<\/strong><\/p>\n<p class=\"font_8\"><em>&quot;La NHMA insta encarecidamente al Congreso a apoyar los programas de justicia clim\u00e1tica en Build BackBetter para proteger las vidas y el bienestar de nuestras comunidades&quot;<\/em><\/p>\n<p class=\"font_8\"><\/p>\n<p class=\"font_8\"><strong>Kenneth Romero, director ejecutivo de NHCSL:<\/strong><\/p>\n<p class=\"font_8\"><em>\u201cLos legisladores miembros del Caucus Nacional Hispano de Legisladores Estatales han estado liderando la lucha por proyectos de ley y proyectos de ley estatales que aborden muchos de los cambios de pol\u00edticas que esta coalici\u00f3n aboga: desde servicios de traducci\u00f3n hasta protecciones para trabajadores al aire libre; desde el control de la contaminaci\u00f3n del aire hasta los veh\u00edculos el\u00e9ctricos; desde una red inteligente resiliente hasta un plan de emisiones netas cero que no deje atr\u00e1s a ning\u00fan trabajador de ninguna comunidad, incluido Puerto Rico. En su nombre, tambi\u00e9n hemos pedido pol\u00edticas federales similares y otras que aborden el cambio clim\u00e1tico en Am\u00e9rica Latina, un llamado a actuar en conjunto con M\u00e9xico para preservar a perpetuidad los ecosistemas y \u00e1reas de conservaci\u00f3n de la frontera sur, y un llamado a brindar acceso equitativo a la banda ancha y a la electricidad. veh\u00edculos. La lucha por pol\u00edticas clim\u00e1ticas justas es existencial para los latinos y estamos orgullosos de unirnos a esta coalici\u00f3n\u201d.<\/em><\/p>\n<p class=\"font_8\"><\/p>\n<p class=\"font_8\"><strong>Yadira S\u00e1nchez, Codirectora Ejecutiva de Poder Latinx<\/strong><\/p>\n<p class=\"font_8\"><em>&quot;La comunidad latina est\u00e1 en la primera l\u00ednea de nuestra crisis clim\u00e1tica y la pandemia de COVID-19 ha arrojado luz sobre las disparidades que ya sab\u00edamos que exist\u00edan. El calor extremo, los huracanes, las sequ\u00edas, las inundaciones y otras cat\u00e1strofes est\u00e1n dificultando la vida cotidiana en todo el pa\u00eds para nuestra comunidad, adem\u00e1s de la contaminaci\u00f3n y la infraestructura deficiente, como tuber\u00edas de agua viejas y caminos y puentes en ruinas con los que vivimos a diario. Merecemos una oportunidad de luchar para salvar nuestro clima y evitar mayores da\u00f1os a nuestra Madre Tierra. Es por eso que &quot;Estamos abogando por que la agenda Build Back Better sea adoptada en el Congreso y presionando a nuestros legisladores para que negocien pol\u00edticas equitativas de justicia ambiental&quot;.<\/em><\/p>\n<p class=\"font_8\"><\/p>\n<p class=\"font_8\"><strong>Carlos Zegarra, Director Ejecutivo, Sachamama:<\/strong><\/p>\n<p class=\"font_8\"><em>&quot;Tenemos la oportunidad de reconstruir mejor, un futuro en el que las comunidades se unan, bajo valores universales compartidos, y llevarnos hacia un futuro limpio y regenerativo donde todos podamos vivir vidas saludables y prosperar lo mejor que podamos. Para lograr esto , debemos entender que nos necesitamos unos a otros y garantizar que las estrategias clim\u00e1ticas que implementamos respondan y beneficien a todos&quot;.<\/em><\/p>\n<p class=\"font_8\"><\/p>\n<p class=\"font_8\"><strong>Rafael Collazo, Director Ejecutivo, Fondo de Acci\u00f3n UnidosUS<br \/>\n<\/strong><em>&nbsp;&nbsp;\u201cA los latinos les apasiona proteger el medio ambiente para la salud y la prosperidad econ\u00f3mica de las generaciones venideras. El Fondo de Acci\u00f3n UnidosUS trabaja para expandir el poder pol\u00edtico de los latinos para que su visi\u00f3n de una inversi\u00f3n real en el cambio clim\u00e1tico se refleje en el paquete final de Reconciliaci\u00f3n Presupuestaria\u201d.<\/em><\/p>\n<p class=\"font_8\"><\/p>\n<p class=\"font_8\"><strong>Elizabeth Yeampierre Directora Ejecutiva, UPROSE<\/strong><\/p>\n<p class=\"font_8\"><em>&quot;Un legado hist\u00f3rico de discriminaci\u00f3n, extracci\u00f3n y racismo puso a las comunidades negras, morenas, ind\u00edgenas y de color en la primera l\u00ednea de las crisis clim\u00e1tica y de COVID-19, cuyos impactos exacerban la marginaci\u00f3n sist\u00e9mica. Para hacer operativa una verdadera Transici\u00f3n Justa, aquellos en el Las primeras l\u00edneas de las crisis deben estar a la vanguardia de las soluciones. Nuestras comunidades tienen las soluciones clim\u00e1ticas para abordar la energ\u00eda, el agua, los alimentos, el transporte, la vivienda, el empleo y la salud. Este compromiso es un testimonio de nuestra brillantez colectiva y la necesidad de trabajar. en colaboraci\u00f3n.&quot;<\/em><\/p>\n<p class=\"font_8\"><\/p>\n<p class=\"font_8\"><u><strong>Acerca de<\/strong><\/u><\/p>\n<p class=\"font_8\"><strong>Azul<\/strong> es una organizaci\u00f3n de justicia ambiental que trabaja con latinos y comunidades de base para proteger las costas y el oc\u00e9ano. Fundada en 2011, Azul ha desarrollado \u2013y ejecutado\u2013 victorias innovadoras en pol\u00edticas de conservaci\u00f3n de los oc\u00e9anos.<\/p>\n<p class=\"font_8\"><\/p>\n<p class=\"font_8\"><strong>Coraz\u00f3n Latino<\/strong> es una organizaci\u00f3n nacional sin fines de lucro que busca generar iniciativas sociales, ambientales y de conservaci\u00f3n que fomenten la administraci\u00f3n de los recursos naturales. Coraz\u00f3n Latino moviliza la pasi\u00f3n, el amor, la unidad, la solidaridad y los recursos de individuos, comunidades, organizaciones y entidades gubernamentales para promover el bien com\u00fan. Visitanos en<a href=\"http:\/\/www.corazonlatino.us\/\" target=\"_blank\" rel=\"noopener noreferrer nofollow\"> <\/a>http:\/\/www.corazonlatino.us.<\/p>\n<p class=\"font_8\"><\/p>\n<p class=\"font_8\"><strong>Comit\u00e9 Di\u00e1logo Ambiental, Inc. (Di\u00e1logo)<\/strong>, es un grupo ambientalista comunitario compuesto por residentes del Municipio de Salinas y la Regi\u00f3n de Guayama y organizado como una corporaci\u00f3n sin fines de lucro bajo las leyes del Estado Libre Asociado de Puerto Rico desde 1997. Los prop\u00f3sitos de la organizaci\u00f3n son promover el bienestar general de las comunidades. Sirve a trav\u00e9s de la educaci\u00f3n y el desarrollo de capacidades de los residentes sobre los impactos adversos de las actividades humanas en el equilibrio ecol\u00f3gico de los sistemas naturales y la importancia de restaurar el medio ambiente y promover condiciones bajo las cuales los seres humanos y el medio ambiente puedan existir en armon\u00eda para cumplir con los objetivos econ\u00f3micos, sociales y otras necesidades de las generaciones presentes y futuras.<\/p>\n<p class=\"font_8\"><\/p>\n<p class=\"font_8\"><strong>ecomadres <\/strong>es un programa de Moms Clean Air Force que educa, involucra y capacita a las mam\u00e1s latinas para conversar con los legisladores sobre el efecto del medio ambiente en la salud de nuestros hijos. Para obtener m\u00e1s informaci\u00f3n, visite: http:\/\/momscleanairforce.org\/ecomadres o s\u00edganos en Twitter @EcoMadres_, Instagram @_EcoMadres_<\/p>\n<p class=\"font_8\"><\/p>\n<p class=\"font_8\"><strong>Justicia para los trabajadores agr\u00edcolas<\/strong> es una organizaci\u00f3n nacional de defensa de los trabajadores agr\u00edcolas. FJ, fundada en 1981, tiene su sede en Washington, DC y colabora con organizaciones en todo el pa\u00eds para empoderar a los trabajadores agr\u00edcolas para mejorar sus salarios, condiciones laborales, seguridad ocupacional, estado de salud migratorio y acceso a la justicia. Para obtener m\u00e1s informaci\u00f3n, visite el sitio web de Farmworker Justice en www.farmworkerjustice.org y s\u00edganos en Twitter en @FarmwrkrJustice.<\/p>\n<p class=\"font_8\"><\/p>\n<p class=\"font_8\"><strong>VerdeLatinos<\/strong> es una comunidad activa de l\u00edderes latinos, envalentonados por el poder y la sabidur\u00eda de nuestra cultura, unidos para exigir equidad y desmantelar el racismo, con recursos para ganar nuestras batallas ambientales, de conservaci\u00f3n y de justicia clim\u00e1tica, y motivados para asegurar nuestras pol\u00edticas, econ\u00f3micas, culturales, y liberaci\u00f3n ambiental.<\/p>\n<p class=\"font_8\"><\/p>\n<p class=\"font_8\"><strong>La Asociaci\u00f3n Hispana de Colegios y Universidades (HACU)<\/strong>, fundada en 1986, representa a m\u00e1s de 500 colegios y universidades en los Estados Unidos, Am\u00e9rica Latina, Espa\u00f1a y distritos escolares en todo Estados Unidos. HACU es la \u00fanica asociaci\u00f3n nacional que representa a las Instituciones de Servicio a Hispanos (HSI) existentes y emergentes. La sede de la Asociaci\u00f3n se encuentra en San Antonio, Texas, con oficinas regionales en Washington, DC y Sacramento, California. Este a\u00f1o, HACU celebra su 35 Aniversario desde su fundaci\u00f3n.<\/p>\n<p class=\"font_8\"><\/p>\n<p class=\"font_8\"><strong>Hispanos que disfrutan de acampar, cazar y estar al aire libre (HECHO)<\/strong> se dedica a fortalecer nuestra profunda conexi\u00f3n con los diversos paisajes de nuestra naci\u00f3n y a fomentar comunidades fuertes y culturalmente ricas conectadas con la naturaleza y entre s\u00ed, asegur\u00e1ndose de que nuestras voces sean escuchadas en la toma de decisiones sobre pol\u00edticas de conservaci\u00f3n.<\/p>\n<p class=\"font_8\"><\/p>\n<p class=\"font_8\"><strong>Federaci\u00f3n Hispana<\/strong> fue fundada en 1990, la Federaci\u00f3n Hispana apoya a las familias hispanas y fortalece las instituciones latinas a trav\u00e9s de subvenciones y servicios directos en las \u00e1reas de educaci\u00f3n, salud, inmigraci\u00f3n, participaci\u00f3n c\u00edvica, empoderamiento econ\u00f3mico, reconstrucci\u00f3n de un Puerto Rico resiliente y medio ambiente.<\/p>\n<p class=\"font_8\"><\/p>\n<p class=\"font_8\"><strong>Latinos al aire libre <\/strong>inspira, conecta e involucra a las comunidades latinas en el aire libre y adopta la cultura y familia como parte de la narrativa al aire libre, asegurando que nuestra historia, herencia y liderazgo sean valorados y representados.<\/p>\n<p class=\"font_8\"><\/p>\n<p class=\"font_8\"><strong>La Liga de Ciudadanos Latinoamericanos Unidos (LULAC)<\/strong> es la organizaci\u00f3n voluntaria de derechos civiles hispanos m\u00e1s grande y antigua del pa\u00eds que empodera a los hispanoamericanos y construye comunidades latinas fuertes. Con sede en Washington, DC y 1,000 consejos en todo Estados Unidos y Puerto Rico, los programas, servicios y defensa de LULAC abordan los temas m\u00e1s importantes para los latinos, satisfaciendo las necesidades cr\u00edticas de hoy y del futuro. Para m\u00e1s informaci\u00f3n visite <a href=\"https:\/\/lulac.org\/\" target=\"_blank\" rel=\"noopener noreferrer nofollow\"><u>https:\/\/lulac.org\/<\/u><\/a>.<\/p>\n<p class=\"font_8\"><\/p>\n<p class=\"font_8\"><strong>MANA, Una Organizaci\u00f3n Nacional Latina\u00ae (MANA),<\/strong> Fundada en 1974, es una organizaci\u00f3n nacional de base con cap\u00edtulos, miembros individuales y afiliados en todo el pa\u00eds, dedicada al desarrollo del liderazgo, el servicio comunitario, la educaci\u00f3n y la defensa de las latinas. MANA representa los intereses de las mujeres, los j\u00f3venes y las familias latinas en muchos de los principales temas de la esfera p\u00fablica, particularmente en las \u00e1reas de educaci\u00f3n, salud y bienestar, educaci\u00f3n financiera, igualdad de derechos civiles y reforma migratoria.<\/p>\n<p class=\"font_8\"><\/p>\n<p class=\"font_8\"><strong>Mi Familia Vota<\/strong> construye el poder pol\u00edtico latino como una organizaci\u00f3n nacional de participaci\u00f3n c\u00edvica que une a comunidades latinas, inmigrantes y aliadas para promover la justicia social y econ\u00f3mica a trav\u00e9s de talleres de ciudadan\u00eda, registro de votantes y participaci\u00f3n de los votantes. Mi Familia Vota tiene operaciones en Arizona, California, Colorado, Florida, Nevada y Texas.<\/p>\n<p class=\"font_8\"><\/p>\n<p class=\"font_8\"><strong>NHCSL <\/strong>es la organizaci\u00f3n preeminente que representa los intereses de m\u00e1s de 425 legisladores estatales hispanos en los Estados Unidos, incluido Puerto Rico, con liderazgo en todo el pa\u00eds. Su misi\u00f3n es servir como catalizador para la acci\u00f3n conjunta en temas de inter\u00e9s com\u00fan para todos los segmentos de la comunidad hispana, incluyendo, de manera pertinente, infraestructura, medio ambiente, trabajo, educaci\u00f3n, empoderamiento econ\u00f3mico, vivienda, derechos civiles y atenci\u00f3n m\u00e9dica, y coordinar esfuerzos con organizaciones hermanas hispanas de EE.UU. en todo el pa\u00eds. M\u00e1s informaci\u00f3n, incluidas declaraciones de pol\u00edticas, est\u00e1 disponible en www.nhcsl.org.<\/p>\n<p class=\"font_8\"><\/p>\n<p class=\"font_8\"><strong>Asociaci\u00f3n M\u00e9dica Nacional Hispana - <\/strong>Establecida en 1994 en Washington, DC, la Asociaci\u00f3n M\u00e9dica Nacional Hispana (NHMA) es una asociaci\u00f3n sin fines de lucro que representa los intereses de 50.000 m\u00e9dicos hispanos autorizados en los Estados Unidos. La misi\u00f3n de la organizaci\u00f3n es capacitar a los m\u00e9dicos hispanos para que lideren los esfuerzos para mejorar la salud de los hispanos y otras poblaciones desatendidas en colaboraci\u00f3n con sociedades m\u00e9dicas estatales hispanas, residentes y estudiantes de medicina, y otros socios del sector p\u00fablico y privado. Visite nhmamd.org para obtener m\u00e1s informaci\u00f3n.<\/p>\n<p class=\"font_8\"><\/p>\n<p class=\"font_8\"><strong>Poder Latinx&#039;s <\/strong>La misi\u00f3n es construir una ola pol\u00edtica donde las comunidades latinas, los inmigrantes y las personas de color sean quienes toman las decisiones en la democracia de este pa\u00eds.<\/p>\n<p class=\"font_8\"><\/p>\n<p class=\"font_8\"><strong>Presente.org<\/strong> es el grupo organizador latino en l\u00ednea m\u00e1s grande del pa\u00eds, y el principal centro de organizaci\u00f3n digital latino del pa\u00eds, que promueve la justicia social con tecnolog\u00eda, medios y cultura. Construir poder. Cambiar la cultura. \u00a1Mantente Presente!<\/p>\n<p class=\"font_8\"><\/p>\n<p class=\"font_8\"><strong>Sachamama<\/strong> es una organizaci\u00f3n que trabaja para generar apoyo para una econom\u00eda de energ\u00eda limpia para todos y cultivar actitudes, comportamientos y estilos de vida sostenibles. A trav\u00e9s de iniciativas culturalmente relevantes, narraciones y estrategias de participaci\u00f3n de los medios, estamos informando y activando a las comunidades para que aboguen por ciudades saludables y m\u00e1s resilientes, mientras desarrollamos un movimiento enriquecedor que apoya la autoexploraci\u00f3n, la diversidad y la participaci\u00f3n c\u00edvica.<\/p>\n<p class=\"font_8\"><\/p>\n<p class=\"font_8\"><strong>TEJAS<\/strong> se dedica a proporcionar a los miembros de la comunidad las herramientas necesarias para crear comunidades sostenibles y ambientalmente saludables educando a las personas sobre los problemas de salud y las implicaciones que surgen de la contaminaci\u00f3n ambiental, empoderando a las personas con una comprensi\u00f3n de las leyes y regulaciones ambientales aplicables y promoviendo su aplicaci\u00f3n, y ofreciendo construcci\u00f3n comunitaria. habilidades y recursos para una acci\u00f3n comunitaria efectiva y una mayor participaci\u00f3n p\u00fablica. Nuestro objetivo es promover la protecci\u00f3n del medio ambiente a trav\u00e9s de la educaci\u00f3n, el desarrollo de pol\u00edticas, la conciencia comunitaria y la acci\u00f3n legal. Nuestro principio rector es que todas las personas, independientemente de su raza o ingresos, tienen derecho a vivir en un medio ambiente limpio.<\/p>\n<p class=\"font_8\"><\/p>\n<p class=\"font_8\"><strong>Fondo de Acci\u00f3n UnidosUS (UnidosUSAF)<\/strong> es una organizaci\u00f3n de defensa de los latinos que trabaja para expandir la influencia y el poder pol\u00edtico de la comunidad latina a trav\u00e9s del compromiso c\u00edvico y campa\u00f1as basadas en temas. El Fondo de Acci\u00f3n UnidosUS toma las valientes visiones pol\u00edticas esbozadas por nuestra organizaci\u00f3n hermana, UnidosUS, y trabaja para hacerlas realidad.<\/p>\n<p class=\"font_8\"><\/p>\n<p class=\"font_8\"><strong>UPROSA <\/strong>Fundada en 1966, es la organizaci\u00f3n comunitaria latina m\u00e1s antigua de Brooklyn. UPROSE es una organizaci\u00f3n intergeneracional, multirracial, negra e ind\u00edgena liderada por mujeres de color que trabaja en la intersecci\u00f3n de la justicia racial y el cambio clim\u00e1tico a trav\u00e9s de la promoci\u00f3n, la participaci\u00f3n comunitaria, el liderazgo juvenil y la expresi\u00f3n art\u00edstica cultural.<strong>.<\/strong><\/p>\n<p class=\"font_8\"><\/p>\n<p class=\"font_8\"><strong>El Instituto William C. Vel\u00e1squez (WCVI)<\/strong> es una organizaci\u00f3n no partidista de an\u00e1lisis de pol\u00edticas p\u00fablicas fundada en 1985. WCVI (originalmente el Southwest Voter Research Institute) es un derivado de la organizaci\u00f3n heredada Southwest Voter Registration Education Project (SVREP), fundada por el fallecido \u00edcono latino Willie Vel\u00e1squez. Willie previ\u00f3 correctamente que los votantes latinos inevitablemente superar\u00edan su exclusi\u00f3n pol\u00edtica y necesitaban desarrollar su capacidad pol\u00edtica y de gobernanza. WCVI tiene una larga trayectoria trabajando en cuestiones ambientales, incluido el r\u00edo Los \u00c1ngeles y su programa Eco Intern, que desarrolla una cohorte de futuros administradores del medio ambiente.<\/p>\n<p class=\"font_8\"><\/p>\n<p class=\"font_8\">###<\/p>","protected":false},"excerpt":{"rendered":"<p>23 organizaciones latinas l\u00edderes se unen para enfrentar la crisis clim\u00e1tica y lograr nuestra liberaci\u00f3n ambiental<\/p>","protected":false},"author":1527,"featured_media":805,"comment_status":"closed","ping_status":"open","sticky":false,"template":"","format":"standard","meta":{"_acf_changed":false,"footnotes":""},"categories":[19,20],"tags":[],"federal_programs":[],"state_region":[],"class_list":["post-804","post","type-post","status-publish","format-standard","has-post-thumbnail","hentry","category-news","category-press-releases"],"acf":[],"_links":{"self":[{"href":"https:\/\/www.greenlatinos.org\/es\/wp-json\/wp\/v2\/posts\/804","targetHints":{"allow":["GET"]}}],"collection":[{"href":"https:\/\/www.greenlatinos.org\/es\/wp-json\/wp\/v2\/posts"}],"about":[{"href":"https:\/\/www.greenlatinos.org\/es\/wp-json\/wp\/v2\/types\/post"}],"author":[{"embeddable":true,"href":"https:\/\/www.greenlatinos.org\/es\/wp-json\/wp\/v2\/users\/1527"}],"replies":[{"embeddable":true,"href":"https:\/\/www.greenlatinos.org\/es\/wp-json\/wp\/v2\/comments?post=804"}],"version-history":[{"count":0,"href":"https:\/\/www.greenlatinos.org\/es\/wp-json\/wp\/v2\/posts\/804\/revisions"}],"wp:featuredmedia":[{"embeddable":true,"href":"https:\/\/www.greenlatinos.org\/es\/wp-json\/wp\/v2\/media\/805"}],"wp:attachment":[{"href":"https:\/\/www.greenlatinos.org\/es\/wp-json\/wp\/v2\/media?parent=804"}],"wp:term":[{"taxonomy":"category","embeddable":true,"href":"https:\/\/www.greenlatinos.org\/es\/wp-json\/wp\/v2\/categories?post=804"},{"taxonomy":"post_tag","embeddable":true,"href":"https:\/\/www.greenlatinos.org\/es\/wp-json\/wp\/v2\/tags?post=804"},{"taxonomy":"federal_programs","embeddable":true,"href":"https:\/\/www.greenlatinos.org\/es\/wp-json\/wp\/v2\/federal_programs?post=804"},{"taxonomy":"state_region","embeddable":true,"href":"https:\/\/www.greenlatinos.org\/es\/wp-json\/wp\/v2\/state_region?post=804"}],"curies":[{"name":"wp","href":"https:\/\/api.w.org\/{rel}","templated":true}]}}