{"id":6267,"date":"2026-04-30T10:22:35","date_gmt":"2026-04-30T16:22:35","guid":{"rendered":"https:\/\/www.greenlatinos.org\/?p=6267"},"modified":"2026-04-30T10:22:36","modified_gmt":"2026-04-30T16:22:36","slug":"santamartaes","status":"publish","type":"post","link":"https:\/\/www.greenlatinos.org\/es\/santamartaes\/","title":{"rendered":"GreenLatinos destaca el impulso global en la Conferencia de Santa Marta y se\u00f1ala la falta de liderazgo de EE.UU. y compromisos vinculantes"},"content":{"rendered":"<p><em>Tras la conclusi\u00f3n de la Conferencia de Santa Marta sobre una transici\u00f3n justa lejos de los combustibles f\u00f3siles<\/em><\/p>\n\n\n\n<p><strong>PARA PUBLICACI\u00d3N INMEDIATA<\/strong>:<strong> 30 de <strong>April, 2026<\/strong><\/strong><\/p>\n\n\n\n<p><strong>CONTACTO DE PRENSA: <\/strong>Edder D\u00edaz Mart\u00ednez, Communications Director, 602-832-6039,\u00a0edderdiazmartinez@greenlatinos.org<\/p>\n\n\n\n<p><strong>SANTA MARTA, COLOMBIA<\/strong> \u2014 GreenLatinos se une a aliados globales para marcar el cierre de la Conferencia de Santa Marta sobre una transici\u00f3n justa lejos de los combustibles f\u00f3siles, reconoci\u00e9ndola como un paso importante para avanzar el di\u00e1logo y la coordinaci\u00f3n internacional. La Conferencia cont\u00f3 con la participaci\u00f3n de m\u00e1s de 50 pa\u00edses.<\/p>\n\n\n\n<p>Si bien la Conferencia cre\u00f3 un espacio clave a nivel global para centrar a comunidades de primera l\u00ednea, la sociedad civil y el liderazgo del Sur Global en la construcci\u00f3n de un futuro sin combustibles f\u00f3siles, no logr\u00f3 establecer un Tratado de Combustibles F\u00f3siles vinculante entre pa\u00edses que impulse acciones concretas para enfrentar la principal fuente de emisiones de gases de efecto invernadero que agravan la crisis clim\u00e1tica y social.<\/p>\n\n\n\n<p><em>\u201cLa Conferencia de Santa Marta marca un paso importante para avanzar la eliminaci\u00f3n de los combustibles f\u00f3siles fuera de la CMNUCC, donde el progreso ha sido demasiado lento. Al mismo tiempo, la ausencia del gobierno de Estados Unidos es preocupante y, francamente, inaceptable\u201d,<\/em><strong><em> dijo Irene Burga, Directora de Justicia Clim\u00e1tica y Aire Limpio de GreenLatinos.<\/em><\/strong><\/p>\n\n\n\n<p>Al concluir la Conferencia, se espera la publicaci\u00f3n de un informe de s\u00edntesis o \u201choja de ruta\u201d que recoja los principales temas discutidos y ofrezca direcci\u00f3n pol\u00edtica concreta sobre c\u00f3mo lograr la eliminaci\u00f3n de los combustibles f\u00f3siles. Este informe se anticipa para junio, previo a la Conferencia de Bonn sobre Cambio Clim\u00e1tico.<\/p>\n\n\n\n<p>GreenLatinos enfatiza que este informe debe reflejar las prioridades impulsadas por la sociedad civil y los movimientos de justicia clim\u00e1tica, incluyendo:<\/p>\n\n\n\n<ul class=\"wp-block-list\">\n<li>Un tratado legalmente vinculante para una transici\u00f3n justa, basada en derechos y con financiamiento adecuado<\/li>\n\n\n\n<li>El fin de la expansi\u00f3n de petr\u00f3leo, gas y carb\u00f3n<\/li>\n\n\n\n<li>El rechazo a falsas soluciones que perpet\u00faan la extracci\u00f3n<\/li>\n\n\n\n<li>La eliminaci\u00f3n de subsidios a los combustibles f\u00f3siles y de la influencia de la industria<\/li>\n\n\n\n<li>Financiamiento clim\u00e1tico p\u00fablico, basado en subvenciones y sin generar deuda, incluyendo la cancelaci\u00f3n de deuda del Sur Global<\/li>\n\n\n\n<li>La protecci\u00f3n de procesos multilaterales frente a la captura por la industria<\/li>\n\n\n\n<li>El fin del militarismo, el imperialismo y las guerras impulsadas por recursos<\/li>\n<\/ul>\n\n\n\n<p><em>\u201cEn un momento en que la crisis clim\u00e1tica est\u00e1 devastando comunidades en todo el mundo, nuestra administraci\u00f3n actual est\u00e1 ignorando la ciencia. En lugar de liderar, contin\u00faa expandiendo los combustibles f\u00f3siles y sosteniendo sistemas que generan conflicto, militarizaci\u00f3n y da\u00f1o. Las comunidades de primera l\u00ednea y del Sur Global han sido claras: necesitamos una transici\u00f3n justa basada en derechos, reparaciones y verdadera rendici\u00f3n de cuentas. Eso significa avanzar hacia un camino legalmente vinculante y completamente financiado para eliminar los combustibles f\u00f3siles. <\/em><strong><em>GreenLatinos se mantiene en solidaridad con ese llamado\u201d, a\u00f1adi\u00f3 Irene Burga.<\/em><\/strong><\/p>\n\n\n\n<p>GreenLatinos tambi\u00e9n reconoce el esfuerzo significativo de los organizadores de la Conferencia para facilitar la participaci\u00f3n de la sociedad civil y crear espacios de di\u00e1logo entre regiones y sectores. Al mismo tiempo, hay lecciones importantes, especialmente en mejorar la coordinaci\u00f3n y garantizar una participaci\u00f3n m\u00e1s amplia y equitativa en el futuro, incluyendo un acceso m\u00e1s sencillo a visas para participantes del Sur Global y mayor accesibilidad ling\u00fc\u00edstica.<\/p>\n\n\n\n<p><em>\u201cLo que estamos viendo en Santa Marta ahora debe reflejarse en acciones a nivel estatal en Estados Unidos. Ah\u00ed es donde la transici\u00f3n se vuelve real: en decisiones de servicios p\u00fablicos, pol\u00edticas regulatorias e inversiones comunitarias. Para las comunidades de primera l\u00ednea, la justicia no solo significa dejar los combustibles f\u00f3siles, sino tambi\u00e9n limpiar los da\u00f1os del pasado y asegurar que nadie se quede atr\u00e1s. Los programas estatales de GreenLatinos en Texas, Nuevo M\u00e9xico, Colorado y California, que est\u00e1n entre los principales productores de combustibles f\u00f3siles, trabajan en esto todos los d\u00edas\u201d, <strong>dijo Ean Tafoya, Vicepresidente de Programas Estatales de GreenLatinos<\/strong>.<\/em><\/p>\n\n\n\n<p>GreenLatinos continuar\u00e1 trabajando junto a aliados internacionales para asegurar que los resultados de esta Conferencia se traduzcan en avances reales hacia un futuro justo, equitativo y libre de combustibles f\u00f3siles.<\/p>\n\n\n\n<p class=\"has-text-align-center\">###<\/p>\n\n\n\n<hr class=\"wp-block-separator has-alpha-channel-opacity\"\/>\n\n\n\n<p>VerdeLatinos <strong>(NOTA: GreenLatinos es UNA PALABRA)<\/strong> es una comunidad activa de l\u00edderes latinos\/a\/e, envalentonados por el poder y la sabidur\u00eda de nuestra cultura, unidos para exigir equidad y desmantelar el racismo, con recursos para ganar nuestra justicia ambiental, batallas de conservaci\u00f3n, clim\u00e1ticas e impulsadas a asegurar nuestra Liberaci\u00f3n pol\u00edtica, econ\u00f3mica, cultural y ambiental.<\/p>\n\n\n\n<hr class=\"wp-block-separator has-alpha-channel-opacity\"\/>\n\n\n\n<div class=\"wp-block-columns is-layout-flex wp-container-core-columns-is-layout-28f84493 wp-block-columns-is-layout-flex\">\n<div class=\"wp-block-column is-layout-flow wp-block-column-is-layout-flow\">\n<figure class=\"wp-block-image size-large\"><img fetchpriority=\"high\" decoding=\"async\" width=\"1024\" height=\"1024\" src=\"https:\/\/www.greenlatinos.org\/wp-content\/uploads\/2026\/04\/TAKE-ACTION-1024x1024.jpg\" alt=\"\" class=\"wp-image-6231\" srcset=\"https:\/\/www.greenlatinos.org\/wp-content\/uploads\/2026\/04\/TAKE-ACTION-1024x1024.jpg 1024w, https:\/\/www.greenlatinos.org\/wp-content\/uploads\/2026\/04\/TAKE-ACTION-300x300.jpg 300w, https:\/\/www.greenlatinos.org\/wp-content\/uploads\/2026\/04\/TAKE-ACTION-150x150.jpg 150w, https:\/\/www.greenlatinos.org\/wp-content\/uploads\/2026\/04\/TAKE-ACTION-768x768.jpg 768w, https:\/\/www.greenlatinos.org\/wp-content\/uploads\/2026\/04\/TAKE-ACTION-12x12.jpg 12w, https:\/\/www.greenlatinos.org\/wp-content\/uploads\/2026\/04\/TAKE-ACTION.jpg 1080w\" sizes=\"(max-width: 1024px) 100vw, 1024px\" \/><\/figure>\n<\/div>\n\n\n\n<div class=\"wp-block-column is-layout-flow wp-block-column-is-layout-flow\">\n<p>Para mantenerse conectados con el creciente trabajo internacional de justicia clim\u00e1tica de GreenLatinos, invitamos a aliados y miembros de la comunidad a unirse a nuestra lista de comunicaciones.<\/p>\n\n\n\n<div class=\"wp-block-buttons is-layout-flex wp-block-buttons-is-layout-flex\">\n<div class=\"wp-block-button\"><a class=\"wp-block-button__link wp-element-button\" href=\"https:\/\/docs.google.com\/forms\/d\/e\/1FAIpQLSeO4qyJFazrUmcw07IkY5tz9ZaPkBdmrphYwOTn1fh2jhr6hg\/viewform?usp=header\" target=\"_blank\" rel=\"noopener noreferrer nofollow\">Suscr\u00edbete aqu\u00ed<\/a><\/div>\n<\/div>\n<\/div>\n<\/div>\n\n\n\n<p><\/p>","protected":false},"excerpt":{"rendered":"<p>Tras la conclusi\u00f3n de la Conferencia de Santa Marta sobre una transici\u00f3n justa lejos de los combustibles f\u00f3siles PARA PUBLICACI\u00d3N INMEDIATA: 30 de April, 2026 CONTACTO DE PRENSA: Edder D\u00edaz Mart\u00ednez, Communications Director, 602-832-6039,\u00a0edderdiazmartinez@greenlatinos.org SANTA MARTA, COLOMBIA \u2014 GreenLatinos se une a aliados globales para marcar el cierre de la Conferencia de Santa Marta sobre [&hellip;]<\/p>\n","protected":false},"author":1527,"featured_media":6265,"comment_status":"open","ping_status":"open","sticky":false,"template":"","format":"standard","meta":{"_acf_changed":false,"footnotes":""},"categories":[20],"tags":[74],"federal_programs":[],"state_region":[],"class_list":["post-6267","post","type-post","status-publish","format-standard","has-post-thumbnail","hentry","category-press-releases","tag-press-releases"],"acf":[],"_links":{"self":[{"href":"https:\/\/www.greenlatinos.org\/es\/wp-json\/wp\/v2\/posts\/6267","targetHints":{"allow":["GET"]}}],"collection":[{"href":"https:\/\/www.greenlatinos.org\/es\/wp-json\/wp\/v2\/posts"}],"about":[{"href":"https:\/\/www.greenlatinos.org\/es\/wp-json\/wp\/v2\/types\/post"}],"author":[{"embeddable":true,"href":"https:\/\/www.greenlatinos.org\/es\/wp-json\/wp\/v2\/users\/1527"}],"replies":[{"embeddable":true,"href":"https:\/\/www.greenlatinos.org\/es\/wp-json\/wp\/v2\/comments?post=6267"}],"version-history":[{"count":1,"href":"https:\/\/www.greenlatinos.org\/es\/wp-json\/wp\/v2\/posts\/6267\/revisions"}],"predecessor-version":[{"id":6268,"href":"https:\/\/www.greenlatinos.org\/es\/wp-json\/wp\/v2\/posts\/6267\/revisions\/6268"}],"wp:featuredmedia":[{"embeddable":true,"href":"https:\/\/www.greenlatinos.org\/es\/wp-json\/wp\/v2\/media\/6265"}],"wp:attachment":[{"href":"https:\/\/www.greenlatinos.org\/es\/wp-json\/wp\/v2\/media?parent=6267"}],"wp:term":[{"taxonomy":"category","embeddable":true,"href":"https:\/\/www.greenlatinos.org\/es\/wp-json\/wp\/v2\/categories?post=6267"},{"taxonomy":"post_tag","embeddable":true,"href":"https:\/\/www.greenlatinos.org\/es\/wp-json\/wp\/v2\/tags?post=6267"},{"taxonomy":"federal_programs","embeddable":true,"href":"https:\/\/www.greenlatinos.org\/es\/wp-json\/wp\/v2\/federal_programs?post=6267"},{"taxonomy":"state_region","embeddable":true,"href":"https:\/\/www.greenlatinos.org\/es\/wp-json\/wp\/v2\/state_region?post=6267"}],"curies":[{"name":"wp","href":"https:\/\/api.w.org\/{rel}","templated":true}]}}