{"id":6264,"date":"2026-04-29T18:16:18","date_gmt":"2026-04-30T00:16:18","guid":{"rendered":"https:\/\/www.greenlatinos.org\/?p=6264"},"modified":"2026-04-29T18:16:19","modified_gmt":"2026-04-30T00:16:19","slug":"greenlatinos-highlights-global-momentum-at-santa-marta-conference-critiques-lack-of-u-s-leadership-and-binding-commitments","status":"publish","type":"post","link":"https:\/\/www.greenlatinos.org\/es\/greenlatinos-highlights-global-momentum-at-santa-marta-conference-critiques-lack-of-u-s-leadership-and-binding-commitments\/","title":{"rendered":"GreenLatinos Highlights Global Momentum at Santa Marta Conference, Critiques Lack of U.S. Leadership and Binding Commitments"},"content":{"rendered":"<p><em>Following the conclusion of the Santa Marta Conference on a Just Transition Away from Fossil Fuels<\/em><\/p>\n\n\n\n<p><strong>PARA PUBLICACI\u00d3N INMEDIATA: <strong>April 30, 2026<\/strong><\/strong><\/p>\n\n\n\n<p><strong>CONTACTO PARA LOS MEDIOS: <\/strong>Edder D\u00edaz Mart\u00ednez, Communications Director, 602-832-6039,&nbsp;edderdiazmartinez@greenlatinos.org<\/p>\n\n\n\n<p><strong>SANTA MARTA, COLOMBIA \u2014<\/strong>GreenLatinos joins global partners in marking the conclusion of the Santa Marta Conference on a just transition away from fossil fuels, recognizing it as a significant milestone in advancing international dialogue and coordination. The Conference saw participation from more than 50 countries.&nbsp;<\/p>\n\n\n\n<p>While the Conference created a critical global space to center frontline communities, civil society, and Global South leadership in shaping a future beyond fossil fuels, it fell short of delivering a binding Fossil Fuel Treaty among countries that will finally take steps to tackle the largest source of greenhouse gas emissions that are perpetuating our global climate and social crisis.<\/p>\n\n\n\n<p><em>\u201cThe Santa Marta conference marks an important step in creating a global space to advance a fossil fuel phaseout beyond the UNFCCC, where progress has been too slow. At the same time, the absence of the U.S. government is telling and quite frankly, unacceptable. <\/em><strong><em>said Irene Burga, Climate Justice and Clean Air Director at<\/em><\/strong><strong><em> <\/em><\/strong><strong><em>GreenLatinos.&nbsp;<\/em><\/strong><\/p>\n\n\n\n<p>As the Conference concludes, outcomes are expected to include a synthesis report or \u201croadmap\u201d that includes the major themes from the conference and concrete policy direction around how to achieve a fossil fuel phaseout, anticipated in June in time for the Bonn Climate Change Conference. GreenLatinos emphasizes that this report must reflect the priorities advanced by civil society and global climate justice movements including a call for a legally binding, rights-based and fully funded transition away from fossil fuels, including an end to new oil, gas, and coal expansion; rejection of false solutions; elimination of fossil fuel subsidies and industry influence; provision of public, grant-based, non-debt climate finance and Global South debt cancellation; protection of multilateral processes from industry capture; and an end to militarism, imperialism, and resource-driven wars.<\/p>\n\n\n\n<p><em>\u201cAt a time when the climate crisis is undeniably ravaging communities across the globe, our current Administration is turning a blind eye and denying the clear science. Instead of leading, it continues to expand fossil fuels and uphold systems that fuel conflict, militarization, and harm. Frontline and Global South communities have been clear: we need a just transition rooted in rights, reparations, and real accountability. That means moving beyond voluntary commitments toward a legally binding, fully funded pathway to phase out fossil fuels. GreenLatinos stands in solidarity with that call,\u201d <\/em><strong><em>said Irene Burga, Climate Justice and Clean Air Director at GreenLatinos.\u201d&nbsp;<\/em><\/strong><\/p>\n\n\n\n<p>GreenLatinos also recognizes the significant effort made by Conference organizers to coordinate civil society participation and create space for engagement across regions and sectors. At the same time,&nbsp; there are important lessons to be learned, particularly in strengthening coordination and ensuring broader, more equitable participation moving forward, in terms of simpler access to visas, especially for Global South participants, and greater language accessibility.&nbsp;<\/p>\n\n\n\n<p><em>\u201cWhat we are seeing in Santa Marta must now show up in state-level action across the United States. This is where the transition becomes real, through utility decisions, regulatory policy, and community investment. For frontline communities, justice means not only ending fossil fuel use, but cleaning up the legacy of harm and ensuring no community is left behind. GreenLatinos State Programs that are top 10 Fossil fuel producers include Texas, New Mexico, Colorado, and California. They are in this work everyday.\u201d <\/em><strong><em>said Ean Tafoya, Vice President of State Programs at GreenLatinos.&nbsp;<\/em><\/strong><\/p>\n\n\n\n<p>GreenLatinos will continue working alongside international partners to ensure that the outcomes of this Conference lead to meaningful progress toward a just, equitable, and fossil fuel-free future.<\/p>\n\n\n\n<p>###<\/p>\n\n\n\n<p><strong>Acerca de GreenLatinos<\/strong><\/p>\n\n\n\n<p>VerdeLatinos <strong>(NOTA: GreenLatinos es UNA PALABRA)<\/strong> es una comunidad activa de l\u00edderes latinos, envalentonados por el poder y la sabidur\u00eda de nuestra cultura, unidos para exigir equidad y desmantelar el racismo, con recursos para ganar nuestras batallas ambientales, de conservaci\u00f3n y de justicia clim\u00e1tica, y motivados para asegurar nuestras pol\u00edticas, Liberaci\u00f3n econ\u00f3mica, cultural y ambiental.<\/p>\n\n\n\n<hr class=\"wp-block-separator has-alpha-channel-opacity\"\/>\n\n\n\n<p>VerdeLatinos <strong>(NOTA: GreenLatinos es UNA PALABRA)<\/strong> es una comunidad activa de l\u00edderes latinos\/a\/e, envalentonados por el poder y la sabidur\u00eda de nuestra cultura, unidos para exigir equidad y desmantelar el racismo, con recursos para ganar nuestra justicia ambiental, batallas de conservaci\u00f3n, clim\u00e1ticas e impulsadas a asegurar nuestra Liberaci\u00f3n pol\u00edtica, econ\u00f3mica, cultural y ambiental.<\/p>\n\n\n\n<div class=\"wp-block-columns is-layout-flex wp-container-core-columns-is-layout-28f84493 wp-block-columns-is-layout-flex\">\n<div class=\"wp-block-column is-layout-flow wp-block-column-is-layout-flow\">\n<figure class=\"wp-block-image size-large\"><img fetchpriority=\"high\" decoding=\"async\" width=\"1024\" height=\"1024\" src=\"https:\/\/www.greenlatinos.org\/wp-content\/uploads\/2026\/04\/TAKE-ACTION-1024x1024.png\" alt=\"\" class=\"wp-image-6221\" srcset=\"https:\/\/www.greenlatinos.org\/wp-content\/uploads\/2026\/04\/TAKE-ACTION-1024x1024.png 1024w, https:\/\/www.greenlatinos.org\/wp-content\/uploads\/2026\/04\/TAKE-ACTION-300x300.png 300w, https:\/\/www.greenlatinos.org\/wp-content\/uploads\/2026\/04\/TAKE-ACTION-150x150.png 150w, https:\/\/www.greenlatinos.org\/wp-content\/uploads\/2026\/04\/TAKE-ACTION-768x768.png 768w, https:\/\/www.greenlatinos.org\/wp-content\/uploads\/2026\/04\/TAKE-ACTION-12x12.png 12w, https:\/\/www.greenlatinos.org\/wp-content\/uploads\/2026\/04\/TAKE-ACTION.png 1080w\" sizes=\"(max-width: 1024px) 100vw, 1024px\" \/><\/figure>\n<\/div>\n\n\n\n<div class=\"wp-block-column is-layout-flow wp-block-column-is-layout-flow\">\n<p><strong>To stay engaged in GreenLatinos\u2019 growing international climate justice work, we encourage partners and community members to join our communications list.<\/strong><br><\/p>\n\n\n\n<div class=\"wp-block-buttons is-layout-flex wp-block-buttons-is-layout-flex\">\n<div class=\"wp-block-button\"><a class=\"wp-block-button__link wp-element-button\" href=\"https:\/\/docs.google.com\/forms\/d\/e\/1FAIpQLSeO4qyJFazrUmcw07IkY5tz9ZaPkBdmrphYwOTn1fh2jhr6hg\/viewform?usp=header\" target=\"_blank\" rel=\"noopener noreferrer nofollow\">Sign up here <\/a><\/div>\n<\/div>\n<\/div>\n<\/div>\n\n\n\n<p><\/p>","protected":false},"excerpt":{"rendered":"<p>Following the conclusion of the Santa Marta Conference on a Just Transition Away from Fossil Fuels FOR IMMEDIATE RELEASE: April 30, 2026 MEDIA CONTACT: Edder D\u00edaz Mart\u00ednez, Communications Director, 602-832-6039,&nbsp;edderdiazmartinez@greenlatinos.org SANTA MARTA, COLOMBIA \u2014GreenLatinos joins global partners in marking the conclusion of the Santa Marta Conference on a just transition away from fossil fuels, recognizing [&hellip;]<\/p>\n","protected":false},"author":1468,"featured_media":6265,"comment_status":"open","ping_status":"open","sticky":false,"template":"","format":"standard","meta":{"_acf_changed":false,"footnotes":""},"categories":[20],"tags":[74],"federal_programs":[],"state_region":[],"class_list":["post-6264","post","type-post","status-publish","format-standard","has-post-thumbnail","hentry","category-press-releases","tag-press-releases"],"acf":[],"_links":{"self":[{"href":"https:\/\/www.greenlatinos.org\/es\/wp-json\/wp\/v2\/posts\/6264","targetHints":{"allow":["GET"]}}],"collection":[{"href":"https:\/\/www.greenlatinos.org\/es\/wp-json\/wp\/v2\/posts"}],"about":[{"href":"https:\/\/www.greenlatinos.org\/es\/wp-json\/wp\/v2\/types\/post"}],"author":[{"embeddable":true,"href":"https:\/\/www.greenlatinos.org\/es\/wp-json\/wp\/v2\/users\/1468"}],"replies":[{"embeddable":true,"href":"https:\/\/www.greenlatinos.org\/es\/wp-json\/wp\/v2\/comments?post=6264"}],"version-history":[{"count":1,"href":"https:\/\/www.greenlatinos.org\/es\/wp-json\/wp\/v2\/posts\/6264\/revisions"}],"predecessor-version":[{"id":6266,"href":"https:\/\/www.greenlatinos.org\/es\/wp-json\/wp\/v2\/posts\/6264\/revisions\/6266"}],"wp:featuredmedia":[{"embeddable":true,"href":"https:\/\/www.greenlatinos.org\/es\/wp-json\/wp\/v2\/media\/6265"}],"wp:attachment":[{"href":"https:\/\/www.greenlatinos.org\/es\/wp-json\/wp\/v2\/media?parent=6264"}],"wp:term":[{"taxonomy":"category","embeddable":true,"href":"https:\/\/www.greenlatinos.org\/es\/wp-json\/wp\/v2\/categories?post=6264"},{"taxonomy":"post_tag","embeddable":true,"href":"https:\/\/www.greenlatinos.org\/es\/wp-json\/wp\/v2\/tags?post=6264"},{"taxonomy":"federal_programs","embeddable":true,"href":"https:\/\/www.greenlatinos.org\/es\/wp-json\/wp\/v2\/federal_programs?post=6264"},{"taxonomy":"state_region","embeddable":true,"href":"https:\/\/www.greenlatinos.org\/es\/wp-json\/wp\/v2\/state_region?post=6264"}],"curies":[{"name":"wp","href":"https:\/\/api.w.org\/{rel}","templated":true}]}}