{"id":6230,"date":"2026-04-27T10:49:19","date_gmt":"2026-04-27T16:49:19","guid":{"rendered":"https:\/\/www.greenlatinos.org\/?p=6230"},"modified":"2026-04-27T10:49:20","modified_gmt":"2026-04-27T16:49:20","slug":"de-santa-marta-a-estados-unidos-por-que-una-transicion-justa-lejos-de-los-combustibles-fosiles-debe-poner-a-las-comunidades-latinas-al-centro","status":"publish","type":"post","link":"https:\/\/www.greenlatinos.org\/es\/de-santa-marta-a-estados-unidos-por-que-una-transicion-justa-lejos-de-los-combustibles-fosiles-debe-poner-a-las-comunidades-latinas-al-centro\/","title":{"rendered":"De Santa Marta a Estados Unidos: Por qu\u00e9 una transici\u00f3n justa lejos de los combustibles f\u00f3siles debe poner a las comunidades latinas al centro"},"content":{"rendered":"<p><a href=\"https:\/\/www.greenlatinos.org\/es\/from-santa-marta-to-the-u-s-why-a-just-fossil-fuel-phaseout-must-center-latino-communities-everywhere\/\">Read in English here. <\/a><\/p>\n\n\n\n<p><em>Por Irene Burga, Directora de Justicia Clim\u00e1tica y Aire Limpio en GreenLatinos<\/em><\/p>\n\n\n\n<figure class=\"wp-block-image size-large\"><img loading=\"lazy\" decoding=\"async\" width=\"1024\" height=\"576\" src=\"https:\/\/www.greenlatinos.org\/wp-content\/uploads\/2026\/04\/International-Blogs-1024x576.png\" alt=\"\" class=\"wp-image-6215\" srcset=\"https:\/\/www.greenlatinos.org\/wp-content\/uploads\/2026\/04\/International-Blogs-1024x576.png 1024w, https:\/\/www.greenlatinos.org\/wp-content\/uploads\/2026\/04\/International-Blogs-300x169.png 300w, https:\/\/www.greenlatinos.org\/wp-content\/uploads\/2026\/04\/International-Blogs-768x432.png 768w, https:\/\/www.greenlatinos.org\/wp-content\/uploads\/2026\/04\/International-Blogs-1536x864.png 1536w, https:\/\/www.greenlatinos.org\/wp-content\/uploads\/2026\/04\/International-Blogs-18x10.png 18w, https:\/\/www.greenlatinos.org\/wp-content\/uploads\/2026\/04\/International-Blogs.png 1600w\" sizes=\"auto, (max-width: 1024px) 100vw, 1024px\" \/><\/figure>\n\n\n\n<p>Esta semana, l\u00edderes de todo el mundo se re\u00fanen en Santa Marta, Colombia, para algo que no hab\u00edamos visto antes: una conferencia global enfocada en c\u00f3mo dejar los combustibles f\u00f3siles de manera justa y equitativa.<\/p>\n\n\n\n<p>Este momento no surgi\u00f3 de la nada. Es resultado de a\u00f1os de lucha liderada por comunidades ind\u00edgenas, afrodescendientes, trabajadores y familias que han estado en la primera l\u00ednea. Ellos han sido claros: no podemos resolver la crisis clim\u00e1tica sin dejar los combustibles f\u00f3siles, y no podemos hacerlo sin poner al centro a las comunidades m\u00e1s afectadas.<\/p>\n\n\n\n<p>En GreenLatinos, estamos presentes en Santa Marta como parte de nuestro compromiso de conectar a las comunidades latinas en Estados Unidos con las de Am\u00e9rica Latina. Nuestras historias y nuestras luchas est\u00e1n profundamente conectadas. La crisis clim\u00e1tica tambi\u00e9n lo est\u00e1.<\/p>\n\n\n\n<p><\/p>\n\n\n\n<hr class=\"wp-block-separator has-alpha-channel-opacity\"\/>\n\n\n\n<p><\/p>\n\n\n\n<h3 class=\"wp-block-heading\"><strong>Por qu\u00e9 este momento es importante<\/strong><\/h3>\n\n\n\n<p>La conferencia de Santa Marta refleja un impulso global creciente. M\u00e1s de 80 pa\u00edses ya han pedido una transici\u00f3n que sea r\u00e1pida, justa y bien financiada. Ahora, gobiernos y organizaciones est\u00e1n tratando de definir c\u00f3mo hacerlo realidad.<\/p>\n\n\n\n<p><br>Lo m\u00e1s importante es qui\u00e9n est\u00e1 liderando esta conversaci\u00f3n. Las comunidades que han vivido los impactos de la contaminaci\u00f3n no est\u00e1n esperando ser invitadas. Est\u00e1n marcando el camino.<br>Tambi\u00e9n est\u00e1n dejando algo muy claro: una transici\u00f3n que deja atr\u00e1s a los trabajadores, ignora a las comunidades o repite las mismas pr\u00e1cticas extractivas no es justa. Es simplemente m\u00e1s de lo mismo.<\/p>\n\n\n\n<hr class=\"wp-block-separator has-alpha-channel-opacity\"\/>\n\n\n\n<h3 class=\"wp-block-heading\"><strong><strong>Lo que esto significa para las comunidades latinas en Estados Unidos<\/strong><\/strong><\/h3>\n\n\n\n<div class=\"wp-block-media-text is-stacked-on-mobile\" style=\"grid-template-columns:37% auto\"><figure class=\"wp-block-media-text__media\"><img loading=\"lazy\" decoding=\"async\" width=\"730\" height=\"980\" src=\"https:\/\/www.greenlatinos.org\/wp-content\/uploads\/2026\/04\/Untitled-design.jpg\" alt=\"\" class=\"wp-image-6224 size-full\" srcset=\"https:\/\/www.greenlatinos.org\/wp-content\/uploads\/2026\/04\/Untitled-design.jpg 730w, https:\/\/www.greenlatinos.org\/wp-content\/uploads\/2026\/04\/Untitled-design-223x300.jpg 223w, https:\/\/www.greenlatinos.org\/wp-content\/uploads\/2026\/04\/Untitled-design-9x12.jpg 9w\" sizes=\"auto, (max-width: 730px) 100vw, 730px\" \/><\/figure><div class=\"wp-block-media-text__content\">\n<p>Para nuestras comunidades, esto no es algo lejano.<\/p>\n\n\n\n<p>Vivimos todos los d\u00edas con los impactos de la infraestructura de combustibles f\u00f3siles. Refiner\u00edas, carreteras y f\u00e1bricas suelen estar cerca de nuestros vecindarios. Muchas familias enfrentan asma, calor extremo y costos de energ\u00eda cada vez m\u00e1s altos.<\/p>\n\n\n\n<p>Al mismo tiempo, la demanda de petr\u00f3leo y gas en Estados Unidos impulsa la extracci\u00f3n en Am\u00e9rica Latina. Esto provoca desplazamiento, da\u00f1os ambientales e inestabilidad en los lugares de donde vienen muchas de nuestras familias.<\/p>\n\n\n\n<p>No son problemas separados. Son parte del mismo sistema.<\/p>\n\n\n\n<p>En GreenLatinos, nuestro <a href=\"https:\/\/lcjf.greenlatinos.org\/es\/\" target=\"_blank\" rel=\"noopener noreferrer nofollow\">Marco de Justicia Clim\u00e1tica Latina (LCJF)<\/a> reconoce esta realidad. La justicia clim\u00e1tica significa atender lo que pasa aqu\u00ed y tambi\u00e9n lo que pasa m\u00e1s all\u00e1 de nuestras fronteras.<\/p>\n<\/div><\/div>\n\n\n\n<hr class=\"wp-block-separator has-alpha-channel-opacity\"\/>\n\n\n\n<p><\/p>\n\n\n\n<h3 class=\"wp-block-heading\"><strong><strong>Una transici\u00f3n justa tiene que ser real<\/strong><\/strong><\/h3>\n\n\n\n<p>Si hablamos en serio de dejar los combustibles f\u00f3siles, tambi\u00e9n debemos ser claros sobre lo que viene despu\u00e9s.<\/p>\n\n\n\n<p>Esto significa que las comunidades deben participar desde el inicio en la toma de decisiones, no solo al final. Significa que los trabajadores necesitan oportunidades reales de empleo, no promesas. Y significa que las comunidades afectadas necesitan inversi\u00f3n, apoyo y cuidado.<\/p>\n\n\n\n<p>Tambi\u00e9n implica ser honestos sobre lo que no funciona. No podemos depender de soluciones que dicen avanzar pero mantienen la dependencia a los combustibles f\u00f3siles. Si no reducimos las emisiones desde la fuente, no estamos resolviendo el problema.<\/p>\n\n\n\n<p>Adem\u00e1s, no podemos ignorar el contexto m\u00e1s amplio. Los combustibles f\u00f3siles est\u00e1n ligados a conflictos globales, militarizaci\u00f3n y disputas por recursos. Una transici\u00f3n justa debe alejarnos de esos sistemas, no reforzarlos.<\/p>\n\n\n\n<p><\/p>\n\n\n\n<hr class=\"wp-block-separator has-alpha-channel-opacity\"\/>\n\n\n\n<h3 class=\"wp-block-heading\"><strong><strong>Lo que est\u00e1 impulsando GreenLatinos<\/strong><\/strong><\/h3>\n\n\n\n<p>A medida que fortalecemos nuestro trabajo internacional, en GreenLatinos estamos enfocados en:<\/p>\n\n\n\n<div class=\"wp-block-media-text is-stacked-on-mobile\"><figure class=\"wp-block-media-text__media\"><img loading=\"lazy\" decoding=\"async\" width=\"1080\" height=\"1350\" src=\"https:\/\/www.greenlatinos.org\/wp-content\/uploads\/2026\/04\/4-819x1024.png\" alt=\"\" class=\"wp-image-6220 size-full\" srcset=\"https:\/\/www.greenlatinos.org\/wp-content\/uploads\/2026\/04\/4-819x1024.png 819w, https:\/\/www.greenlatinos.org\/wp-content\/uploads\/2026\/04\/4-240x300.png 240w, https:\/\/www.greenlatinos.org\/wp-content\/uploads\/2026\/04\/4-768x960.png 768w, https:\/\/www.greenlatinos.org\/wp-content\/uploads\/2026\/04\/4-10x12.png 10w, https:\/\/www.greenlatinos.org\/wp-content\/uploads\/2026\/04\/4.png 1080w\" sizes=\"auto, (max-width: 1080px) 100vw, 1080px\" \/><\/figure><div class=\"wp-block-media-text__content\">\n<p><strong>Construir solidaridad entre pa\u00edses: <\/strong>Fortalecer las relaciones entre comunidades latinas en Estados Unidos y comunidades en Am\u00e9rica Latina, reconociendo que nuestras luchas est\u00e1n conectadas.<\/p>\n<\/div><\/div>\n\n\n\n<hr class=\"wp-block-separator has-alpha-channel-opacity\"\/>\n\n\n\n<div class=\"wp-block-media-text is-stacked-on-mobile\"><figure class=\"wp-block-media-text__media\"><img loading=\"lazy\" decoding=\"async\" width=\"819\" height=\"1024\" src=\"https:\/\/www.greenlatinos.org\/wp-content\/uploads\/2026\/04\/1-819x1024.png\" alt=\"\" class=\"wp-image-6217 size-full\" srcset=\"https:\/\/www.greenlatinos.org\/wp-content\/uploads\/2026\/04\/1-819x1024.png 819w, https:\/\/www.greenlatinos.org\/wp-content\/uploads\/2026\/04\/1-240x300.png 240w, https:\/\/www.greenlatinos.org\/wp-content\/uploads\/2026\/04\/1-768x960.png 768w, https:\/\/www.greenlatinos.org\/wp-content\/uploads\/2026\/04\/1-10x12.png 10w, https:\/\/www.greenlatinos.org\/wp-content\/uploads\/2026\/04\/1.png 1080w\" sizes=\"auto, (max-width: 819px) 100vw, 819px\" \/><\/figure><div class=\"wp-block-media-text__content\">\n<p><strong>Traer aprendizajes globales a casa: <\/strong>Identificar estrategias de movimientos internacionales que nos ayuden en nuestras luchas por aire limpio, justicia energ\u00e9tica e infraestructura en Estados Unidos.<\/p>\n\n\n\n<p><\/p>\n<\/div><\/div>\n\n\n\n<hr class=\"wp-block-separator has-alpha-channel-opacity\"\/>\n\n\n\n<div class=\"wp-block-media-text is-stacked-on-mobile\"><figure class=\"wp-block-media-text__media\"><img loading=\"lazy\" decoding=\"async\" width=\"819\" height=\"1024\" src=\"https:\/\/www.greenlatinos.org\/wp-content\/uploads\/2026\/04\/5-819x1024.png\" alt=\"\" class=\"wp-image-6218 size-full\" srcset=\"https:\/\/www.greenlatinos.org\/wp-content\/uploads\/2026\/04\/5-819x1024.png 819w, https:\/\/www.greenlatinos.org\/wp-content\/uploads\/2026\/04\/5-240x300.png 240w, https:\/\/www.greenlatinos.org\/wp-content\/uploads\/2026\/04\/5-768x960.png 768w, https:\/\/www.greenlatinos.org\/wp-content\/uploads\/2026\/04\/5-10x12.png 10w, https:\/\/www.greenlatinos.org\/wp-content\/uploads\/2026\/04\/5.png 1080w\" sizes=\"auto, (max-width: 819px) 100vw, 819px\" \/><\/figure><div class=\"wp-block-media-text__content\">\n<p><strong>Elevar el liderazgo latino: <\/strong>Asegurar que las voces latinas, especialmente de comunidades en primera l\u00ednea, sean escuchadas e influyan en soluciones globales.<\/p>\n<\/div><\/div>\n\n\n\n<hr class=\"wp-block-separator has-alpha-channel-opacity\"\/>\n\n\n\n<div class=\"wp-block-media-text is-stacked-on-mobile\"><figure class=\"wp-block-media-text__media\"><img loading=\"lazy\" decoding=\"async\" width=\"819\" height=\"1024\" src=\"https:\/\/www.greenlatinos.org\/wp-content\/uploads\/2026\/04\/3-819x1024.png\" alt=\"\" class=\"wp-image-6219 size-full\" srcset=\"https:\/\/www.greenlatinos.org\/wp-content\/uploads\/2026\/04\/3-819x1024.png 819w, https:\/\/www.greenlatinos.org\/wp-content\/uploads\/2026\/04\/3-240x300.png 240w, https:\/\/www.greenlatinos.org\/wp-content\/uploads\/2026\/04\/3-768x960.png 768w, https:\/\/www.greenlatinos.org\/wp-content\/uploads\/2026\/04\/3-10x12.png 10w, https:\/\/www.greenlatinos.org\/wp-content\/uploads\/2026\/04\/3.png 1080w\" sizes=\"auto, (max-width: 819px) 100vw, 819px\" \/><\/figure><div class=\"wp-block-media-text__content\">\n<p><strong>Impulsar una transici\u00f3n justa:<\/strong> A trav\u00e9s del Marco de Justicia Clim\u00e1tica Latina, centramos nuestro trabajo en la equidad, la protecci\u00f3n de trabajadores y el liderazgo comunitario.<\/p>\n\n\n\n<p><\/p>\n<\/div><\/div>\n\n\n\n<hr class=\"wp-block-separator has-alpha-channel-opacity\"\/>\n\n\n\n<p><\/p>\n\n\n\n<h2 class=\"wp-block-heading\"><strong>Lo que sigue<\/strong><\/h2>\n\n\n\n<p>Santa Marta no debe ser solo otra reuni\u00f3n internacional. Debe acercarnos a compromisos reales y acci\u00f3n concreta.<\/p>\n\n\n\n<p>Para GreenLatinos, esto es parte de un camino m\u00e1s largo. Estamos trabajando por un futuro donde nuestras comunidades no est\u00e9n en la primera l\u00ednea de la contaminaci\u00f3n, sino liderando las soluciones.<\/p>\n\n\n\n<p><strong><em>Un futuro con aire limpio, energ\u00eda accesible y oportunidades reales.<\/em><\/strong><\/p>\n\n\n\n<p><em><strong>Y un futuro donde la transici\u00f3n lejos de los combustibles f\u00f3siles no solo ocurra, sino que ocurra de manera justa.<\/strong><\/em><\/p>\n\n\n\n<div class=\"wp-block-group has-global-padding\"><div class=\"wp-block-group__inner-container is-layout-constrained wp-block-group-is-layout-constrained\">\n<hr class=\"wp-block-separator has-alpha-channel-opacity\"\/>\n<\/div><\/div>\n\n\n\n<div class=\"wp-block-media-text is-stacked-on-mobile\"><figure class=\"wp-block-media-text__media\"><img loading=\"lazy\" decoding=\"async\" width=\"1024\" height=\"1024\" src=\"https:\/\/www.greenlatinos.org\/wp-content\/uploads\/2026\/04\/TAKE-ACTION-1024x1024.jpg\" alt=\"\" class=\"wp-image-6231 size-full\" srcset=\"https:\/\/www.greenlatinos.org\/wp-content\/uploads\/2026\/04\/TAKE-ACTION-1024x1024.jpg 1024w, https:\/\/www.greenlatinos.org\/wp-content\/uploads\/2026\/04\/TAKE-ACTION-300x300.jpg 300w, https:\/\/www.greenlatinos.org\/wp-content\/uploads\/2026\/04\/TAKE-ACTION-150x150.jpg 150w, https:\/\/www.greenlatinos.org\/wp-content\/uploads\/2026\/04\/TAKE-ACTION-768x768.jpg 768w, https:\/\/www.greenlatinos.org\/wp-content\/uploads\/2026\/04\/TAKE-ACTION-12x12.jpg 12w, https:\/\/www.greenlatinos.org\/wp-content\/uploads\/2026\/04\/TAKE-ACTION.jpg 1080w\" sizes=\"auto, (max-width: 1024px) 100vw, 1024px\" \/><\/figure><div class=\"wp-block-media-text__content\">\n<p><strong><em>\u00bfQuieres mantenerte informado y ser parte del creciente trabajo internacional de justicia clim\u00e1tica de GreenLatinos? \u00danete a nuestra lista de comunicaci\u00f3n para recibir actualizaciones.<br><\/em><\/strong><\/p>\n\n\n\n<div class=\"wp-block-buttons is-layout-flex wp-block-buttons-is-layout-flex\">\n<div class=\"wp-block-button\"><a class=\"wp-block-button__link wp-element-button\">Suscr\u00edbete aqu\u00ed<\/a><\/div>\n<\/div>\n<\/div><\/div>","protected":false},"excerpt":{"rendered":"<p>Read in English here. Por Irene Burga, Directora de Justicia Clim\u00e1tica y Aire Limpio en GreenLatinos Esta semana, l\u00edderes de todo el mundo se re\u00fanen en Santa Marta, Colombia, para algo que no hab\u00edamos visto antes: una conferencia global enfocada en c\u00f3mo dejar los combustibles f\u00f3siles de manera justa y equitativa. Este momento no surgi\u00f3 [&hellip;]<\/p>\n","protected":false},"author":1468,"featured_media":6215,"comment_status":"open","ping_status":"open","sticky":false,"template":"","format":"standard","meta":{"_acf_changed":false,"footnotes":""},"categories":[35],"tags":[77],"federal_programs":[],"state_region":[116,118,119],"class_list":["post-6230","post","type-post","status-publish","format-standard","has-post-thumbnail","hentry","category-blogs","tag-blog","state_region-ca","state_region-il","state_region-nm"],"acf":[],"_links":{"self":[{"href":"https:\/\/www.greenlatinos.org\/es\/wp-json\/wp\/v2\/posts\/6230","targetHints":{"allow":["GET"]}}],"collection":[{"href":"https:\/\/www.greenlatinos.org\/es\/wp-json\/wp\/v2\/posts"}],"about":[{"href":"https:\/\/www.greenlatinos.org\/es\/wp-json\/wp\/v2\/types\/post"}],"author":[{"embeddable":true,"href":"https:\/\/www.greenlatinos.org\/es\/wp-json\/wp\/v2\/users\/1468"}],"replies":[{"embeddable":true,"href":"https:\/\/www.greenlatinos.org\/es\/wp-json\/wp\/v2\/comments?post=6230"}],"version-history":[{"count":1,"href":"https:\/\/www.greenlatinos.org\/es\/wp-json\/wp\/v2\/posts\/6230\/revisions"}],"predecessor-version":[{"id":6232,"href":"https:\/\/www.greenlatinos.org\/es\/wp-json\/wp\/v2\/posts\/6230\/revisions\/6232"}],"wp:featuredmedia":[{"embeddable":true,"href":"https:\/\/www.greenlatinos.org\/es\/wp-json\/wp\/v2\/media\/6215"}],"wp:attachment":[{"href":"https:\/\/www.greenlatinos.org\/es\/wp-json\/wp\/v2\/media?parent=6230"}],"wp:term":[{"taxonomy":"category","embeddable":true,"href":"https:\/\/www.greenlatinos.org\/es\/wp-json\/wp\/v2\/categories?post=6230"},{"taxonomy":"post_tag","embeddable":true,"href":"https:\/\/www.greenlatinos.org\/es\/wp-json\/wp\/v2\/tags?post=6230"},{"taxonomy":"federal_programs","embeddable":true,"href":"https:\/\/www.greenlatinos.org\/es\/wp-json\/wp\/v2\/federal_programs?post=6230"},{"taxonomy":"state_region","embeddable":true,"href":"https:\/\/www.greenlatinos.org\/es\/wp-json\/wp\/v2\/state_region?post=6230"}],"curies":[{"name":"wp","href":"https:\/\/api.w.org\/{rel}","templated":true}]}}