{"id":5547,"date":"2025-10-28T16:39:42","date_gmt":"2025-10-28T22:39:42","guid":{"rendered":"https:\/\/www.greenlatinos.org\/?p=5547"},"modified":"2025-10-28T16:40:20","modified_gmt":"2025-10-28T22:40:20","slug":"el-huracan-melissa-devasta-el-caribe-y-greenlatinos-llama-a-los-lideres-a-actuar","status":"publish","type":"post","link":"https:\/\/www.greenlatinos.org\/es\/el-huracan-melissa-devasta-el-caribe-y-greenlatinos-llama-a-los-lideres-a-actuar\/","title":{"rendered":"El hurac\u00e1n Melissa devasta el Caribe y GreenLatinos llama a los l\u00edderes a actuar"},"content":{"rendered":"<p><em>La tormenta m\u00e1s fuerte de 2025 es otro ejemplo de c\u00f3mo las comunidades ya marginadas enfrentan el peso de la crisis clim\u00e1tica.<\/em><\/p>\n\n\n\n<p><strong>PARA PUBLICACI\u00d3N INMEDIATA: <\/strong>28\/10\/2025<br><strong>CONTACTO CON LOS MEDIOS:<\/strong> Edder D\u00edaz Mart\u00ednez, Director de Comunicaciones, 602-832-6039, edderdiazmartinez@greenlatinos.org<\/p>\n\n\n\n<p><strong>WASHINGTON-<\/strong>El lunes, el hurac\u00e1n \u201cMelissa\u201d de categor\u00eda 5 en el Atl\u00e1ntico toc\u00f3 tierra cerca de New Hope, Jamaica. <a href=\"https:\/\/www.nhc.noaa.gov\/#Melissa\" target=\"_blank\" rel=\"noopener noreferrer nofollow\">Este hurac\u00e1n est\u00e1 registrado con vientos destructivos de hasta 185 millas por hora, seg\u00fan el Centro Nacional de Huracanes.<\/a>Ya ha sido responsable de <a href=\"https:\/\/yaleclimateconnections.org\/2025\/10\/jamaica-braces-for-cat-5-hurricane-melissa-earths-strongest-storm-of-2025\/\" target=\"_blank\" rel=\"noopener noreferrer nofollow\">ocho muertes<\/a>, incluidos cinco en Hait\u00ed, dos en Jamaica y uno en Rep\u00fablica Dominicana.<\/p>\n\n\n\n<p><a href=\"https:\/\/www.theguardian.com\/world\/2025\/oct\/28\/hurricane-melissa-a-visual-guide-to-the-strongest-storm-to-hit-jamaica-in-almost-two-centuries\" target=\"_blank\" rel=\"noopener noreferrer nofollow\">A partir del 27 de octubre, este evento meteorol\u00f3gico extremo mortal ser\u00e1 oficialmente la tormenta m\u00e1s fuerte de la Tierra en 2025.<\/a> Mientras contin\u00faa azotando Jamaica con vientos catastr\u00f3ficos, inundaciones repentinas extremas y marejadas cicl\u00f3nicas mortales, las comunidades de Cuba, Bahamas y Bermudas se preparan para el impacto. Mientras este devastador evento contin\u00faa causando estragos en todo el Caribe, acompa\u00f1amos en el pensamiento a las comunidades afectadas.<\/p>\n\n\n\n<p>Lo que vemos anualmente no es casualidad. La intensificaci\u00f3n de las tormentas, la prolongaci\u00f3n de las temporadas de lluvias y la mayor frecuencia de las tormentas son consecuencia de la actual crisis clim\u00e1tica. El resultado son da\u00f1os devastadores para las comunidades que ya sufren las consecuencias del cambio clim\u00e1tico. GreenLatinos llama a los legisladores y l\u00edderes electos de todo el mundo a unirse y crear pol\u00edticas lideradas por comunidad que reduzcan las emisiones de gases de efecto invernadero, construyan resiliencia al clima extremo y centrar el liderazgo las comunidades de primera l\u00ednea. Es de suma importancia desarrollar infraestructura resiliente al clima para evitar que las comunidades afectadas se vean afectadas. Instamos a realizar inversiones audaces en energ\u00eda limpia, adaptaci\u00f3n clim\u00e1tica y equidad. Incluso pol\u00edticas que incluyan fondos para esfuerzos de recuperaci\u00f3n que protejan la salud, la seguridad y la dignidad de las comunidades trabajadoras, latinas, negras e ind\u00edgenas m\u00e1s afectadas por la crisis clim\u00e1tica.&nbsp;<\/p>\n\n\n\n<p><strong>En respuesta a la noticia, los directores y defensores del programa GreenLatinos publican las siguientes declaraciones:<\/strong><\/p>\n\n\n\n<p>\u201cEl hurac\u00e1n Melissa es otro ejemplo de c\u00f3mo las comunidades latinoamericanas y caribe\u00f1as siguen estando en la primera l\u00ednea de la crisis clim\u00e1tica. Muchos en nuestras comunidades tienen familiares, amigos o v\u00ednculos culturales con estas zonas afectadas. Necesitamos asegurar que estas zonas reciban apoyo antes, durante y despu\u00e9s de las tormentas clim\u00e1ticas\u201d. \u2013\u2013 <strong>Val Z. Schull, Ph.D., Director del Programa de Equidad H\u00eddrica y Oc\u00e9anos<\/strong><\/p>\n\n\n\n<p>\u201cMientras el hurac\u00e1n Melissa devasta el Caribe, recordamos que estas tormentas no son solo desastres naturales. Son el resultado de un sistema fracasado de nuestros gobiernos y de la priorizaci\u00f3n de la industria sobre las personas. Estas catastr\u00f3ficas tormentas est\u00e1n obligando a familias a abandonar sus hogares y empujando a comunidades enteras a condiciones inhabitables. Para personas negras, latinas yind\u00edgenapueblos de todo el mundoelEn el Caribe y las Am\u00e9ricas, cada temporada de huracanes trae consigo la amenaza dedesplazamiento, p\u00e9rdida yincertidumbreNecesitamos soluciones audaces, lideradas por la comunidad, que centren la justicia, desarrollen resiliencia clim\u00e1tica y garanticen que todas las personas tengan derecho a la seguridad.recuperaci\u00f3n,y dignidaden elante esta creciente emergencia clim\u00e1tica\u201d. \u2013\u2013 <strong>Meisei Gonz\u00e1lez, defensora de la justicia clim\u00e1tica y el aire limpio, GreenLatinos.<\/strong><\/p>\n\n\n\n<p>###<\/p>\n\n\n\n<p><strong>Acerca de GreenLatinos<\/strong>VerdeLatinos <strong>(NOTA: GreenLatinos es UNA PALABRA) <\/strong>es una comunidad activa de l\u00edderes latinos\/as\/e, envalentonados por el poder y la sabidur\u00eda de nuestra cultura, unidos para exigir equidad y desmantelar el racismo, con recursos para ganar nuestras batallas por la justicia ambiental, de conservaci\u00f3n y clim\u00e1tica, e impulsados \u200b\u200ba asegurar nuestra liberaci\u00f3n pol\u00edtica, econ\u00f3mica, cultural y ambiental.<\/p>","protected":false},"excerpt":{"rendered":"<p>La tormenta m\u00e1s fuerte de 2025 es otro ejemplo de c\u00f3mo las comunidades ya marginadas enfrentan el peso de la crisis clim\u00e1tica. PARA PUBLICACI\u00d3N INMEDIATA: 28\/10\/2025CONTACTO CON LOS MEDIOS: Edder D\u00edaz Mart\u00ednez, Director de Comunicaciones, 602-832-6039, edderdiazmartinez@greenlatinos.org WASHINGTON\u2014El lunes, el hurac\u00e1n \u201cMelissa\u201d de categor\u00eda 5 en el Atl\u00e1ntico toc\u00f3 tierra cerca de New Hope, Jamaica. [&hellip;]<\/p>\n","protected":false},"author":1527,"featured_media":5544,"comment_status":"open","ping_status":"open","sticky":false,"template":"","format":"standard","meta":{"_acf_changed":false,"footnotes":""},"categories":[20],"tags":[75],"federal_programs":[],"state_region":[],"class_list":["post-5547","post","type-post","status-publish","format-standard","has-post-thumbnail","hentry","category-press-releases","tag-press-releases-spanish"],"acf":[],"_links":{"self":[{"href":"https:\/\/www.greenlatinos.org\/es\/wp-json\/wp\/v2\/posts\/5547","targetHints":{"allow":["GET"]}}],"collection":[{"href":"https:\/\/www.greenlatinos.org\/es\/wp-json\/wp\/v2\/posts"}],"about":[{"href":"https:\/\/www.greenlatinos.org\/es\/wp-json\/wp\/v2\/types\/post"}],"author":[{"embeddable":true,"href":"https:\/\/www.greenlatinos.org\/es\/wp-json\/wp\/v2\/users\/1527"}],"replies":[{"embeddable":true,"href":"https:\/\/www.greenlatinos.org\/es\/wp-json\/wp\/v2\/comments?post=5547"}],"version-history":[{"count":4,"href":"https:\/\/www.greenlatinos.org\/es\/wp-json\/wp\/v2\/posts\/5547\/revisions"}],"predecessor-version":[{"id":5551,"href":"https:\/\/www.greenlatinos.org\/es\/wp-json\/wp\/v2\/posts\/5547\/revisions\/5551"}],"wp:featuredmedia":[{"embeddable":true,"href":"https:\/\/www.greenlatinos.org\/es\/wp-json\/wp\/v2\/media\/5544"}],"wp:attachment":[{"href":"https:\/\/www.greenlatinos.org\/es\/wp-json\/wp\/v2\/media?parent=5547"}],"wp:term":[{"taxonomy":"category","embeddable":true,"href":"https:\/\/www.greenlatinos.org\/es\/wp-json\/wp\/v2\/categories?post=5547"},{"taxonomy":"post_tag","embeddable":true,"href":"https:\/\/www.greenlatinos.org\/es\/wp-json\/wp\/v2\/tags?post=5547"},{"taxonomy":"federal_programs","embeddable":true,"href":"https:\/\/www.greenlatinos.org\/es\/wp-json\/wp\/v2\/federal_programs?post=5547"},{"taxonomy":"state_region","embeddable":true,"href":"https:\/\/www.greenlatinos.org\/es\/wp-json\/wp\/v2\/state_region?post=5547"}],"curies":[{"name":"wp","href":"https:\/\/api.w.org\/{rel}","templated":true}]}}