{"id":4484,"date":"2025-03-13T23:16:41","date_gmt":"2025-03-13T23:16:41","guid":{"rendered":"https:\/\/www.greenlatinos.org\/?p=4484"},"modified":"2025-03-13T23:18:01","modified_gmt":"2025-03-13T23:18:01","slug":"greenlatinos-condena-la-reversion-de-la-epa-en-el-hallazgo-de-peligro-y-protecciones-climaticas","status":"publish","type":"post","link":"https:\/\/www.greenlatinos.org\/es\/greenlatinos-condena-la-reversion-de-la-epa-en-el-hallazgo-de-peligro-y-protecciones-climaticas\/","title":{"rendered":"GreenLatinos condena la reversi\u00f3n de la EPA en el hallazgo de peligro y protecciones clim\u00e1ticas\u00a0"},"content":{"rendered":"<p><strong>PARA PUBLICACI\u00d3N INMEDIATA<\/strong>: <strong>13 de marzo de 2025<\/strong><\/p>\n\n\n\n<p><strong>Contacto:<\/strong> Edder D\u00edaz Mart\u00ednez, Gerente de Comunicaciones, 602-832-6039, edderdiazmartinez@greenlatinos.org<\/p>\n\n\n\n<p><strong>Washington DC<\/strong> \u2013 Ayer, la Agencia de Protecci\u00f3n Ambiental (EPA), bajo el administrador Lee Zeldin, anunci\u00f3 la acci\u00f3n desreguladora m\u00e1s grande en la historia de los EE. UU., haciendo retroceder los est\u00e1ndares de contaminaci\u00f3n por metano, el dictamen de peligro, las reglas sobre emisiones de veh\u00edculos, junto con un total de 31 reconsideraciones. GreenLatinos condena en\u00e9rgicamente esta decisi\u00f3n, que amenaza el progreso clim\u00e1tico y plantea graves riesgos para las comunidades de primera l\u00ednea, que ya est\u00e1n experimentando desproporcionado impactos de la crisis clim\u00e1tica y las injusticias ambientales.&nbsp;<\/p>\n\n\n\n<p>El dictamen de peligro, establecido por la EPA en 2009, es una determinaci\u00f3n cient\u00edfica y legal de que los gases de efecto invernadero como el di\u00f3xido de carbono y el metano representan un peligro para la salud y el bienestar p\u00fablicos. Esta decisi\u00f3n fundacional le dio a la EPA la autoridad y obligaci\u00f3n bajo la Ley de Aire Limpio de regular la contaminaci\u00f3n clim\u00e1tica proveniente de fuentes como plantas de energ\u00eda, veh\u00edculos y la industria del petr\u00f3leo y el gas. El hallazgo de peligro respalda la regulaci\u00f3n del metano de la EPA, entre otros contaminantes clim\u00e1ticos de una variedad de fuentes, incluido el sector del petr\u00f3leo y el gas, lo que ayuda a proteger la salud p\u00fablica y el medio ambiente.. Los tribunales han confirmado repetidamente esta conclusi\u00f3n reconociendo su importancia para mitigar el cambio clim\u00e1tico y proteger poblaciones vulnerables.&nbsp;<\/p>\n\n\n\n<p>Las comunidades latinas se encuentran entre las que corren mayor riesgo. Se enfrentan a una mayor exposici\u00f3n al calor extremo, la contaminaci\u00f3n del aire y condiciones laborales peligrosas, con<a href=\"https:\/\/www.hispanicaccess.org\/climate-change-heat-drought#:~:text=Latino%20Health,and%20other%20vegetation%20are%20lacking.\" target=\"_blank\" rel=\"noopener noreferrer nofollow\"> 21% m\u00e1s de probabilidades de vivir en islas de calor urbanas<\/a>, d\u00f3nde <a href=\"https:\/\/www.hispanicaccess.org\/climate-change-heat-drought\" target=\"_blank\" rel=\"noopener noreferrer nofollow\">El 30% de los hogares latinos carecen de aire acondicionado<\/a>. Muchos trabajan en trabajos al aire libre de alto riesgo, como la agricultura y la construcci\u00f3n, <a href=\"https:\/\/www.epa.gov\/newsreleases\/epa-report-shows-disproportionate-impacts-climate-change-socially-vulnerable\" target=\"_blank\" rel=\"noopener noreferrer nofollow\">aumentando su vulnerabilidad a las enfermedades relacionadas con el calor<\/a> y enfermedades respiratorias causadas por combustibles f\u00f3siles.&nbsp;<\/p>\n\n\n\n<p>Al reconsiderar el hallazgo de peligro, la EPA no solo est\u00e1 socavando la pol\u00edtica clim\u00e1tica establecida, sino que tambi\u00e9n est\u00e1 poniendo en peligro la capacidad de la agencia para regular la contaminaci\u00f3n clim\u00e1tica por completo, permitiendo a los contaminadores operar con menos restricciones y aumentando las emisiones nocivas que aceleran la crisis clim\u00e1tica. Esto conducir\u00e1 a niveles m\u00e1s altos de contaminaci\u00f3n del aire, lo que exacerbar\u00e1 las enfermedades respiratorias, las afecciones card\u00edacas y otros riesgos graves para la salud, especialmente para las comunidades de primera l\u00ednea que ya sufren una exposici\u00f3n desproporcionada a emisiones t\u00f3xicas.&nbsp;<\/p>\n\n\n\n<p><strong>Irene Burga, directora del Programa de Justicia Clim\u00e1tica y Aire Limpio, emiti\u00f3 el siguiente comunicado:&nbsp;<\/strong><\/p>\n\n\n\n<p><strong>\u201c<\/strong>La EPA existe para proteger a las personas, no a los contaminadores. Pero hoy ha optado por servir a los ricos compinches del presidente Trump y a los intereses de los combustibles f\u00f3siles en lugar de cumplir su misi\u00f3n. Hacer retroceder el dictamen sobre peligro es un ataque directo a la salud p\u00fablica, la justicia ambiental y la ciencia misma. Esta decisi\u00f3n imprudente, extra\u00edda directamente de la agenda extremista del Proyecto 2025, ignora el abrumador consenso cient\u00edfico de que el metano y otros gases de efecto invernadero alimentan el cambio clim\u00e1tico y envenenan nuestro aire, tierra y agua. Las comunidades latinas, que ya sufren los peores efectos del calor extremo, los incendios forestales y la contaminaci\u00f3n t\u00f3xica, se ver\u00e1n a\u00fan m\u00e1s afectadas. Quitar la capacidad de la EPA para regular la contaminaci\u00f3n clim\u00e1tica no s\u00f3lo es irresponsable: es una elecci\u00f3n deliberada y peligrosa que costar\u00e1 vidas. Nos negamos a permanecer impasibles mientras la EPA sacrifica a nuestras comunidades en aras de las ganancias corporativas. Exigimos aire limpio, agua potable y un futuro habitable, y lucharemos por ello\u201d.<\/p>\n\n\n\n<p><strong>Andrea Marpillero-Colomina, asesora de pol\u00edticas, investigaci\u00f3n y an\u00e1lisis de GreenLatinos agreg\u00f3:<\/strong><\/p>\n\n\n\n<p>\u201cEsta acci\u00f3n de la administraci\u00f3n Trump socava la misi\u00f3n fundamental de la EPA de proteger a las personas de los da\u00f1os ambientales causados \u200b\u200bpor la contaminaci\u00f3n. Cuando se trata de veh\u00edculos \u2013la mayor fuente de emisiones en Estados Unidos\u2013 esta acci\u00f3n regulatoria tendr\u00e1 consecuencias fatales para las vidas humanas. Tal como est\u00e1n las cosas, los latinos tienen m\u00e1s probabilidades de vivir en \u201czonas de muerte del di\u00e9sel\u201d, donde las emisiones de los camiones crean un mayor riesgo de enfermedades pulmonares, asma y c\u00e1ncer. Casi un tercio de los ni\u00f1os latinos viven en condados donde las concentraciones de contaminantes peligrosos del aire superan el nivel de riesgo de c\u00e1ncer de 1 entre 10.000. Los ni\u00f1os latinos visitan la sala de emergencias debido al asma al doble que los ni\u00f1os blancos no hispanos y tienen un 40% m\u00e1s de probabilidades de morir de asma. Esta es una cuesti\u00f3n de vida o muerte, y lucharemos por la salud y el bienestar de nuestras comunidades en la medida de lo posible\u201d.&nbsp;<\/p>\n\n\n\n<p><strong>###<\/strong><\/p>\n\n\n\n<p><strong>Acerca de GreenLatinos<\/strong><\/p>\n\n\n\n<p>GreenLatinos (NOTA: GreenLatinos es UNA PALABRA) es una comunidad activa de l\u00edderes latinos\/a\/e, envalentonados por el poder y la sabidur\u00eda de nuestra cultura, unidos para exigir equidad y desmantelar el racismo, con recursos para ganar nuestras batallas ambientales, de conservaci\u00f3n y de justicia clim\u00e1tica, y motivados para asegurar nuestra liberaci\u00f3n pol\u00edtica, econ\u00f3mica, cultural y ambiental.<\/p>\n\n\n\n<p><\/p>","protected":false},"excerpt":{"rendered":"<p>PARA PUBLICACI\u00d3N INMEDIATA: 13 de marzo de 2025 Contacto: Edder D\u00edaz Mart\u00ednez, Gerente de Comunicaciones, 602-832-6039, edderdiazmartinez@greenlatinos.org Washington, DC \u2013 Ayer, la Agencia de Protecci\u00f3n Ambiental (EPA), bajo el administrador Lee Zeldin, anunci\u00f3 la acci\u00f3n desreguladora m\u00e1s grande en la historia de los EE. UU., haciendo retroceder los est\u00e1ndares de contaminaci\u00f3n por metano, el dictamen [&hellip;]<\/p>\n","protected":false},"author":149,"featured_media":4389,"comment_status":"open","ping_status":"open","sticky":false,"template":"","format":"standard","meta":{"_acf_changed":false,"footnotes":""},"categories":[20],"tags":[75],"federal_programs":[],"state_region":[],"class_list":["post-4484","post","type-post","status-publish","format-standard","has-post-thumbnail","hentry","category-press-releases","tag-press-releases-spanish"],"acf":[],"_links":{"self":[{"href":"https:\/\/www.greenlatinos.org\/es\/wp-json\/wp\/v2\/posts\/4484","targetHints":{"allow":["GET"]}}],"collection":[{"href":"https:\/\/www.greenlatinos.org\/es\/wp-json\/wp\/v2\/posts"}],"about":[{"href":"https:\/\/www.greenlatinos.org\/es\/wp-json\/wp\/v2\/types\/post"}],"author":[{"embeddable":true,"href":"https:\/\/www.greenlatinos.org\/es\/wp-json\/wp\/v2\/users\/149"}],"replies":[{"embeddable":true,"href":"https:\/\/www.greenlatinos.org\/es\/wp-json\/wp\/v2\/comments?post=4484"}],"version-history":[{"count":0,"href":"https:\/\/www.greenlatinos.org\/es\/wp-json\/wp\/v2\/posts\/4484\/revisions"}],"wp:featuredmedia":[{"embeddable":true,"href":"https:\/\/www.greenlatinos.org\/es\/wp-json\/wp\/v2\/media\/4389"}],"wp:attachment":[{"href":"https:\/\/www.greenlatinos.org\/es\/wp-json\/wp\/v2\/media?parent=4484"}],"wp:term":[{"taxonomy":"category","embeddable":true,"href":"https:\/\/www.greenlatinos.org\/es\/wp-json\/wp\/v2\/categories?post=4484"},{"taxonomy":"post_tag","embeddable":true,"href":"https:\/\/www.greenlatinos.org\/es\/wp-json\/wp\/v2\/tags?post=4484"},{"taxonomy":"federal_programs","embeddable":true,"href":"https:\/\/www.greenlatinos.org\/es\/wp-json\/wp\/v2\/federal_programs?post=4484"},{"taxonomy":"state_region","embeddable":true,"href":"https:\/\/www.greenlatinos.org\/es\/wp-json\/wp\/v2\/state_region?post=4484"}],"curies":[{"name":"wp","href":"https:\/\/api.w.org\/{rel}","templated":true}]}}