{"id":4338,"date":"2025-02-07T01:00:47","date_gmt":"2025-02-07T01:00:47","guid":{"rendered":"https:\/\/www.greenlatinos.org\/?p=4338"},"modified":"2025-02-07T01:00:48","modified_gmt":"2025-02-07T01:00:48","slug":"greenlatinos-reprende-el-cierre-de-oficinas-de-justicia-ambiental-tras-acciones-de-la-casa-blanca","status":"publish","type":"post","link":"https:\/\/www.greenlatinos.org\/es\/greenlatinos-reprende-el-cierre-de-oficinas-de-justicia-ambiental-tras-acciones-de-la-casa-blanca\/","title":{"rendered":"GreenLatinos reprende el cierre de oficinas de justicia ambiental tras acciones de la Casa Blanca"},"content":{"rendered":"<p><em>Se ponen vidas en peligro al disminuir la capacidad del gobierno federal para proteger a las comunidades de la contaminaci\u00f3n t\u00f3xica.<\/em><\/p>\n\n\n\n<p><em>PARA PUBLICACI\u00d3N INMEDIATA: <\/em>06\/02\/25<\/p>\n\n\n\n<p><em>CONTACTO CON LOS MEDIOS:<\/em> Edder D\u00edaz Mart\u00ednez, Gerente de Comunicaciones, 602-832-6039, edderdiazmartinez@greenlatinos.org<\/p>\n\n\n\n<p><strong>WASHINGTON- <\/strong>El jueves 6 de febrero, la Administraci\u00f3n Trump anunci\u00f3 que cerrar\u00eda la oficina de Justicia Ambiental de la EPA y colocar\u00eda m\u00e1s de 150 empleados trabajadores en licencia administrativa. Tambi\u00e9n han tomado medidas para recortar el personal profesional en las oficinas ambientales del Departamento de Justicia, reduciendo en gran medida su capacidad para defender legalmente a nuestras comunidades de desechos mortales, productos qu\u00edmicos y contaminaci\u00f3n.<\/p>\n\n\n\n<p><strong>Tras el anuncio de esta noticia, el presidente fundador y director ejecutivo de GreenLatinos, Mark Maga\u00f1a, emite la siguiente declaraci\u00f3n:<\/strong><\/p>\n\n\n\n<p>\u201cDestripar las oficinas de justicia ambiental y derechos civiles de la EPA es un ataque flagrante a las comunidades de primera l\u00ednea y un paso imprudente hacia el desmantelamiento total de la agencia. Poner al personal dedicado de EJ en licencia administrativa no es s\u00f3lo una maniobra burocr\u00e1tica: es una medida calculada para silenciar a quienes luchan por aire limpio, agua limpia y familias saludables. Esto est\u00e1 sacado directamente del manual del Proyecto 2025, dise\u00f1ado para paralizar las mismas instituciones destinadas a proteger a nuestras comunidades del envenenamiento por la contaminaci\u00f3n industrial.<\/p>\n\n\n\n<p>Seamos claros: esto no es s\u00f3lo una pol\u00edtica; es un ataque directo a la salud y la supervivencia def Comunidades marrones, negras, ind\u00edgenas, desatendidas y de bajos ingresos que han sufrido durante generaciones el aire t\u00f3xico, el agua envenenada y el racismo medioambiental. La Oficina de Justicia Ambiental de la EPA fue creada para revertir d\u00e9cadas de injusticia e invertir en comunidades abandonadas durante mucho tiempo por el gobierno. Cerrarlo es una sentencia de muerte para quienes ya son los m\u00e1s afectados por la contaminaci\u00f3n industrial y los desastres clim\u00e1ticos.<\/p>\n\n\n\n<p>La lealtad de esta administraci\u00f3n a los contaminantes por encima de nuestra salud p\u00fablica es un fracaso moral. Exigimos que nuestros funcionarios electos y designados denuncien p\u00fablicamente esta medida imprudente y tomen medidas inmediatas para proteger la capacidad de la EPA y el Departamento de Justicia de servir a la gente, no a los contaminantes. Cada momento de inacci\u00f3n permite que se sacrifiquen m\u00e1s toxinas en nuestro aire, m\u00e1s veneno en nuestra agua y m\u00e1s vidas en aras de obtener ganancias. Esta es una lucha por nuestro futuro y nos negamos a quedarnos impasibles mientras desmantelan las mismas protecciones que mantienen vivas a nuestras comunidades\u201d.<\/p>\n\n\n\n<p>###<\/p>\n\n\n\n<p><strong>Acerca de GreenLatinos<\/strong><\/p>\n\n\n\n<p>VerdeLatinos <strong>(NOTA: Latinos es UNA PALABRA)<\/strong> Es una comunidad activa de l\u00edderes latinos, envalentonados por el poder y la sabidur\u00eda de nuestra cultura, unidos para exigir equidad y desmantelar el racismo, con recursos para ganar nuestras batallas ambientales, de conservaci\u00f3n y de justicia clim\u00e1tica, y motivados para asegurar nuestra liberaci\u00f3n pol\u00edtica, econ\u00f3mica, cultural y ambiental.<\/p>\n\n\n\n<hr class=\"wp-block-separator has-alpha-channel-opacity\"\/>\n\n\n\n<p>VerdeLatinos <strong>(NOTA: GreenLatinos es UNA PALABRA)<\/strong> es una comunidad activa de l\u00edderes latinos\/a\/e, envalentonados por el poder y la sabidur\u00eda de nuestra cultura, unidos para exigir equidad y desmantelar el racismo, con recursos para ganar nuestra justicia ambiental, batallas de conservaci\u00f3n, clim\u00e1ticas e impulsadas a asegurar nuestra Liberaci\u00f3n pol\u00edtica, econ\u00f3mica, cultural y ambiental.<\/p>","protected":false},"excerpt":{"rendered":"<p>Se ponen vidas en peligro al disminuir la capacidad del gobierno federal para proteger a las comunidades de la contaminaci\u00f3n t\u00f3xica. PARA PUBLICACI\u00d3N INMEDIATA: 06\/02\/25 CONTACTO CON LOS MEDIOS: Edder D\u00edaz Mart\u00ednez, Gerente de Comunicaciones, 602-832-6039, edderdiazmartinez@greenlatinos.org WASHINGTON- El jueves 6 de febrero, la Administraci\u00f3n Trump anunci\u00f3 que cerrar\u00eda la oficina de Justicia Ambiental de [&hellip;]<\/p>\n","protected":false},"author":149,"featured_media":3040,"comment_status":"open","ping_status":"open","sticky":false,"template":"","format":"standard","meta":{"_acf_changed":false,"footnotes":""},"categories":[20],"tags":[75],"federal_programs":[],"state_region":[],"class_list":["post-4338","post","type-post","status-publish","format-standard","has-post-thumbnail","hentry","category-press-releases","tag-press-releases-spanish"],"acf":[],"_links":{"self":[{"href":"https:\/\/www.greenlatinos.org\/es\/wp-json\/wp\/v2\/posts\/4338","targetHints":{"allow":["GET"]}}],"collection":[{"href":"https:\/\/www.greenlatinos.org\/es\/wp-json\/wp\/v2\/posts"}],"about":[{"href":"https:\/\/www.greenlatinos.org\/es\/wp-json\/wp\/v2\/types\/post"}],"author":[{"embeddable":true,"href":"https:\/\/www.greenlatinos.org\/es\/wp-json\/wp\/v2\/users\/149"}],"replies":[{"embeddable":true,"href":"https:\/\/www.greenlatinos.org\/es\/wp-json\/wp\/v2\/comments?post=4338"}],"version-history":[{"count":0,"href":"https:\/\/www.greenlatinos.org\/es\/wp-json\/wp\/v2\/posts\/4338\/revisions"}],"wp:featuredmedia":[{"embeddable":true,"href":"https:\/\/www.greenlatinos.org\/es\/wp-json\/wp\/v2\/media\/3040"}],"wp:attachment":[{"href":"https:\/\/www.greenlatinos.org\/es\/wp-json\/wp\/v2\/media?parent=4338"}],"wp:term":[{"taxonomy":"category","embeddable":true,"href":"https:\/\/www.greenlatinos.org\/es\/wp-json\/wp\/v2\/categories?post=4338"},{"taxonomy":"post_tag","embeddable":true,"href":"https:\/\/www.greenlatinos.org\/es\/wp-json\/wp\/v2\/tags?post=4338"},{"taxonomy":"federal_programs","embeddable":true,"href":"https:\/\/www.greenlatinos.org\/es\/wp-json\/wp\/v2\/federal_programs?post=4338"},{"taxonomy":"state_region","embeddable":true,"href":"https:\/\/www.greenlatinos.org\/es\/wp-json\/wp\/v2\/state_region?post=4338"}],"curies":[{"name":"wp","href":"https:\/\/api.w.org\/{rel}","templated":true}]}}